{"id":420591,"date":"2022-04-09T19:45:11","date_gmt":"2022-04-10T00:45:11","guid":{"rendered":"https:\/\/www.zunoticia.com\/noticias-de-hidalgo\/?p=420591"},"modified":"2022-04-09T19:45:12","modified_gmt":"2022-04-10T00:45:12","slug":"comerciantes-solicitan-al-dirigente-de-la-ucla-intervenir-ante-la-odeco","status":"publish","type":"post","link":"https:\/\/www.zunoticia.com\/noticias-de-hidalgo\/2022\/04\/09\/comerciantes-solicitan-al-dirigente-de-la-ucla-intervenir-ante-la-odeco\/","title":{"rendered":"Comerciantes solicitan al dirigente de la UCLA intervenir ante la ODECO"},"content":{"rendered":"<aside class=\"mashsb-container mashsb-main mashsb-stretched\"><div class=\"mashsb-box\"><div class=\"mashsb-count mash-large\" style=\"float:left\"><div class=\"counts mashsbcount\">22<\/div><span class=\"mashsb-sharetext\">SHARES<\/span><\/div><div class=\"mashsb-buttons\"><a class=\"mashicon-facebook mash-large mash-center mashsb-noshadow\" href=\"https:\/\/www.facebook.com\/sharer.php?u=https%3A%2F%2Fwww.zunoticia.com%2Fnoticias-de-hidalgo%2F2022%2F04%2F09%2Fcomerciantes-solicitan-al-dirigente-de-la-ucla-intervenir-ante-la-odeco%2F\" target=\"_top\" rel=\"nofollow\"><span class=\"icon\"><\/span><span class=\"text\">Share<\/span><\/a><a class=\"mashicon-twitter mash-large mash-center mashsb-noshadow\" href=\"https:\/\/twitter.com\/intent\/tweet?text=&amp;url=https:\/\/www.zunoticia.com\/noticias-de-hidalgo\/2022\/04\/09\/comerciantes-solicitan-al-dirigente-de-la-ucla-intervenir-ante-la-odeco\/\" target=\"_top\" rel=\"nofollow\"><span class=\"icon\"><\/span><span class=\"text\">Tweet<\/span><\/a><div class=\"onoffswitch2 mash-large mashsb-noshadow\" style=\"display:none\"><\/div><\/div>\n            <\/div>\n                <div style=\"clear:both\"><\/div><div class=\"mashsb-toggle-container\"><\/div><\/aside>\n            <!-- Share buttons by mashshare.net - Version: 4.0.47-->\n<p><em>Por Salvador Altamirano\/Zunoticia<\/em><\/p>\n\n\n\n<p><strong>Huejutla, Hgo. &#8211;<\/strong> Locatarios establecidos en el mercado municipal, exhortan al dirigente de la UCLA, Jorge Lara Garc\u00eda, que intervenga ante el personal de la Oficina de la Defensa del Consumidor (ODECO) para que les disminuyan el costo de calibraci\u00f3n de b\u00e1sculas.<\/p>\n\n\n\n<p>Explicaron que lo anterior, debido a la cr\u00edtica situaci\u00f3n econ\u00f3mica generada por la pandemia durante m\u00e1s de dos a\u00f1os, que tanto el expendedor como el comprador resienten, uno por bajas ventas y otro por falta de dinero.<\/p>\n\n\n\n<p>Quienes por temor a represalias prefirieron que sus nombres no fueran revelados, pero est\u00e1n identificados, agregaron que, si la ODECO en verdad funge para lo que fue creada, debe atender el requerimiento, ya que es de sentido com\u00fan que el comerciante nunca pierde y lo que le cobran por calibrar las b\u00e1sculas, en su momento se lo recarga al consumidor.<\/p>\n\n\n\n<p>En el mismo contexto, refirieron que el personal de la antes PROFECO y ahora ODECO, el d\u00eda de quincena cobra un sueldo y no se cree que sea raqu\u00edtico, \u201cse les paga con presupuesto de los contribuyentes, por lo que no deben de cobrar por un servicio que est\u00e1 dentro de sus responsabilidades\u201d.<\/p>\n\n\n\n<p>Para finalizar, citaron como ejemplo que si la calibraci\u00f3n tiene un costo de $100.00 pesos, que cobren $30.00, aunque es sabido que el tarifario impuesto por la ODECO supera los $400.00 el m\u00ednimo; los cuales obviamente &#8220;paga el consumidor&#8221;, al que &#8220;supuestamente&#8221; defienden.<\/p>\n","protected":false},"excerpt":{"rendered":"<p>Por Salvador Altamirano\/Zunoticia Huejutla, Hgo. &#8211; Locatarios establecidos en el mercado municipal, exhortan al dirigente de la UCLA, Jorge Lara Garc\u00eda, que intervenga ante el personal de la Oficina de la Defensa del Consumidor (ODECO) para que les disminuyan el costo de calibraci\u00f3n de b\u00e1sculas. Explicaron que lo anterior, debido a la cr\u00edtica situaci\u00f3n econ\u00f3mica&hellip; <a class=\"more-link\" href=\"https:\/\/www.zunoticia.com\/noticias-de-hidalgo\/2022\/04\/09\/comerciantes-solicitan-al-dirigente-de-la-ucla-intervenir-ante-la-odeco\/\">Seguir leyendo <span class=\"screen-reader-text\">Comerciantes solicitan al dirigente de la UCLA intervenir ante la ODECO<\/span><\/a><\/p>\n","protected":false},"author":12,"featured_media":420592,"comment_status":"open","ping_status":"open","sticky":false,"template":"","format":"standard","meta":{"rop_custom_images_group":[],"rop_custom_messages_group":[],"rop_publish_now":"initial","rop_publish_now_accounts":{"facebook_10159540855086992_322828327761733":""},"rop_publish_now_history":[],"rop_publish_now_status":"pending","footnotes":""},"categories":[181],"tags":[121],"class_list":["post-420591","post","type-post","status-publish","format-standard","has-post-thumbnail","hentry","category-huejutla","tag-huejutla","entry"],"_links":{"self":[{"href":"https:\/\/www.zunoticia.com\/noticias-de-hidalgo\/wp-json\/wp\/v2\/posts\/420591","targetHints":{"allow":["GET"]}}],"collection":[{"href":"https:\/\/www.zunoticia.com\/noticias-de-hidalgo\/wp-json\/wp\/v2\/posts"}],"about":[{"href":"https:\/\/www.zunoticia.com\/noticias-de-hidalgo\/wp-json\/wp\/v2\/types\/post"}],"author":[{"embeddable":true,"href":"https:\/\/www.zunoticia.com\/noticias-de-hidalgo\/wp-json\/wp\/v2\/users\/12"}],"replies":[{"embeddable":true,"href":"https:\/\/www.zunoticia.com\/noticias-de-hidalgo\/wp-json\/wp\/v2\/comments?post=420591"}],"version-history":[{"count":1,"href":"https:\/\/www.zunoticia.com\/noticias-de-hidalgo\/wp-json\/wp\/v2\/posts\/420591\/revisions"}],"predecessor-version":[{"id":420593,"href":"https:\/\/www.zunoticia.com\/noticias-de-hidalgo\/wp-json\/wp\/v2\/posts\/420591\/revisions\/420593"}],"wp:featuredmedia":[{"embeddable":true,"href":"https:\/\/www.zunoticia.com\/noticias-de-hidalgo\/wp-json\/wp\/v2\/media\/420592"}],"wp:attachment":[{"href":"https:\/\/www.zunoticia.com\/noticias-de-hidalgo\/wp-json\/wp\/v2\/media?parent=420591"}],"wp:term":[{"taxonomy":"category","embeddable":true,"href":"https:\/\/www.zunoticia.com\/noticias-de-hidalgo\/wp-json\/wp\/v2\/categories?post=420591"},{"taxonomy":"post_tag","embeddable":true,"href":"https:\/\/www.zunoticia.com\/noticias-de-hidalgo\/wp-json\/wp\/v2\/tags?post=420591"}],"curies":[{"name":"wp","href":"https:\/\/api.w.org\/{rel}","templated":true}]}}