{"id":420598,"date":"2022-04-09T19:49:16","date_gmt":"2022-04-10T00:49:16","guid":{"rendered":"https:\/\/www.zunoticia.com\/noticias-de-hidalgo\/?p=420598"},"modified":"2022-04-09T19:49:17","modified_gmt":"2022-04-10T00:49:17","slug":"pobladores-saldran-a-votar","status":"publish","type":"post","link":"https:\/\/www.zunoticia.com\/noticias-de-hidalgo\/2022\/04\/09\/pobladores-saldran-a-votar\/","title":{"rendered":"Pobladores saldr\u00e1n a votar"},"content":{"rendered":"<aside class=\"mashsb-container mashsb-main mashsb-stretched\"><div class=\"mashsb-box\"><div class=\"mashsb-count mash-large\" style=\"float:left\"><div class=\"counts mashsbcount\">15<\/div><span class=\"mashsb-sharetext\">SHARES<\/span><\/div><div class=\"mashsb-buttons\"><a class=\"mashicon-facebook mash-large mash-center mashsb-noshadow\" href=\"https:\/\/www.facebook.com\/sharer.php?u=https%3A%2F%2Fwww.zunoticia.com%2Fnoticias-de-hidalgo%2F2022%2F04%2F09%2Fpobladores-saldran-a-votar%2F\" target=\"_top\" rel=\"nofollow\"><span class=\"icon\"><\/span><span class=\"text\">Share<\/span><\/a><a class=\"mashicon-twitter mash-large mash-center mashsb-noshadow\" href=\"https:\/\/twitter.com\/intent\/tweet?text=&amp;url=https:\/\/www.zunoticia.com\/noticias-de-hidalgo\/2022\/04\/09\/pobladores-saldran-a-votar\/\" target=\"_top\" rel=\"nofollow\"><span class=\"icon\"><\/span><span class=\"text\">Tweet<\/span><\/a><div class=\"onoffswitch2 mash-large mashsb-noshadow\" style=\"display:none\"><\/div><\/div>\n            <\/div>\n                <div style=\"clear:both\"><\/div><div class=\"mashsb-toggle-container\"><\/div><\/aside>\n            <!-- Share buttons by mashshare.net - Version: 4.0.47-->\n<p><em>Por Pedro Luciano\/Zunoticia<\/em><\/p>\n\n\n\n<p><strong>Atlapexco, Hgo. &#8211;<\/strong> Pobladores pertenecientes al municipio de Atlapexco han manifestado su disposici\u00f3n de salir a votar el domingo, con la finalidad de participar en el ejercicio electoral sobre la revocaci\u00f3n de mandato.<\/p>\n\n\n\n<p>Pobladores de la cabecera y provenientes de diferentes comunidades manifestaron que participar\u00e1n en la revocaci\u00f3n de mandato, pues es un ejercicio que no se hab\u00eda tenido con otros gobernantes, esperan exista transparencia y posibilidad de que el pueblo sea escuchado.<\/p>\n\n\n\n<p>Sin embargo, una parte del sector poblacional comparti\u00f3 que no podr\u00e1n asistir a participar, ya que las condiciones laborales o familiares les impedir\u00e1n acudir ya que los mantiene ocupados la mayor parte de su d\u00eda; manifestaron que tambi\u00e9n una de las razones para no salir a participar es la lejan\u00eda de algunas comunidades.<\/p>\n","protected":false},"excerpt":{"rendered":"<p>Por Pedro Luciano\/Zunoticia Atlapexco, Hgo. &#8211; Pobladores pertenecientes al municipio de Atlapexco han manifestado su disposici\u00f3n de salir a votar el domingo, con la finalidad de participar en el ejercicio electoral sobre la revocaci\u00f3n de mandato. Pobladores de la cabecera y provenientes de diferentes comunidades manifestaron que participar\u00e1n en la revocaci\u00f3n de mandato, pues es&hellip; <a class=\"more-link\" href=\"https:\/\/www.zunoticia.com\/noticias-de-hidalgo\/2022\/04\/09\/pobladores-saldran-a-votar\/\">Seguir leyendo <span class=\"screen-reader-text\">Pobladores saldr\u00e1n a votar<\/span><\/a><\/p>\n","protected":false},"author":12,"featured_media":420599,"comment_status":"open","ping_status":"open","sticky":false,"template":"","format":"standard","meta":{"rop_custom_images_group":[],"rop_custom_messages_group":[],"rop_publish_now":"initial","rop_publish_now_accounts":{"facebook_10159540855086992_322828327761733":""},"rop_publish_now_history":[],"rop_publish_now_status":"pending","footnotes":""},"categories":[182],"tags":[133],"class_list":["post-420598","post","type-post","status-publish","format-standard","has-post-thumbnail","hentry","category-atlapexco","tag-atlapexco","entry"],"_links":{"self":[{"href":"https:\/\/www.zunoticia.com\/noticias-de-hidalgo\/wp-json\/wp\/v2\/posts\/420598","targetHints":{"allow":["GET"]}}],"collection":[{"href":"https:\/\/www.zunoticia.com\/noticias-de-hidalgo\/wp-json\/wp\/v2\/posts"}],"about":[{"href":"https:\/\/www.zunoticia.com\/noticias-de-hidalgo\/wp-json\/wp\/v2\/types\/post"}],"author":[{"embeddable":true,"href":"https:\/\/www.zunoticia.com\/noticias-de-hidalgo\/wp-json\/wp\/v2\/users\/12"}],"replies":[{"embeddable":true,"href":"https:\/\/www.zunoticia.com\/noticias-de-hidalgo\/wp-json\/wp\/v2\/comments?post=420598"}],"version-history":[{"count":1,"href":"https:\/\/www.zunoticia.com\/noticias-de-hidalgo\/wp-json\/wp\/v2\/posts\/420598\/revisions"}],"predecessor-version":[{"id":420600,"href":"https:\/\/www.zunoticia.com\/noticias-de-hidalgo\/wp-json\/wp\/v2\/posts\/420598\/revisions\/420600"}],"wp:featuredmedia":[{"embeddable":true,"href":"https:\/\/www.zunoticia.com\/noticias-de-hidalgo\/wp-json\/wp\/v2\/media\/420599"}],"wp:attachment":[{"href":"https:\/\/www.zunoticia.com\/noticias-de-hidalgo\/wp-json\/wp\/v2\/media?parent=420598"}],"wp:term":[{"taxonomy":"category","embeddable":true,"href":"https:\/\/www.zunoticia.com\/noticias-de-hidalgo\/wp-json\/wp\/v2\/categories?post=420598"},{"taxonomy":"post_tag","embeddable":true,"href":"https:\/\/www.zunoticia.com\/noticias-de-hidalgo\/wp-json\/wp\/v2\/tags?post=420598"}],"curies":[{"name":"wp","href":"https:\/\/api.w.org\/{rel}","templated":true}]}}