{"id":422038,"date":"2022-04-19T16:43:32","date_gmt":"2022-04-19T21:43:32","guid":{"rendered":"https:\/\/www.zunoticia.com\/noticias-de-hidalgo\/?p=422038"},"modified":"2022-04-19T16:43:33","modified_gmt":"2022-04-19T21:43:33","slug":"campana-de-vacunacion-en-punto-permanente","status":"publish","type":"post","link":"https:\/\/www.zunoticia.com\/noticias-de-hidalgo\/2022\/04\/19\/campana-de-vacunacion-en-punto-permanente\/","title":{"rendered":"Campa\u00f1a de vacunaci\u00f3n en punto permanente"},"content":{"rendered":"<aside class=\"mashsb-container mashsb-main mashsb-stretched\"><div class=\"mashsb-box\"><div class=\"mashsb-count mash-large\" style=\"float:left\"><div class=\"counts mashsbcount\">15<\/div><span class=\"mashsb-sharetext\">SHARES<\/span><\/div><div class=\"mashsb-buttons\"><a class=\"mashicon-facebook mash-large mash-center mashsb-noshadow\" href=\"https:\/\/www.facebook.com\/sharer.php?u=https%3A%2F%2Fwww.zunoticia.com%2Fnoticias-de-hidalgo%2F2022%2F04%2F19%2Fcampana-de-vacunacion-en-punto-permanente%2F\" target=\"_top\" rel=\"nofollow\"><span class=\"icon\"><\/span><span class=\"text\">Share<\/span><\/a><a class=\"mashicon-twitter mash-large mash-center mashsb-noshadow\" href=\"https:\/\/twitter.com\/intent\/tweet?text=&amp;url=https:\/\/www.zunoticia.com\/noticias-de-hidalgo\/2022\/04\/19\/campana-de-vacunacion-en-punto-permanente\/\" target=\"_top\" rel=\"nofollow\"><span class=\"icon\"><\/span><span class=\"text\">Tweet<\/span><\/a><div class=\"onoffswitch2 mash-large mashsb-noshadow\" style=\"display:none\"><\/div><\/div>\n            <\/div>\n                <div style=\"clear:both\"><\/div><div class=\"mashsb-toggle-container\"><\/div><\/aside>\n            <!-- Share buttons by mashshare.net - Version: 4.0.47-->\n<p><em>Por Redacci\u00f3n\/Zunoticia<\/em><\/p>\n\n\n\n<p><strong>Huautla, Hgo. &#8211; <\/strong>El gobierno local informa a la poblaci\u00f3n en general que a partir de este d\u00eda y hasta el pr\u00f3ximo 22 del mes y a\u00f1o en curso, habr\u00e1 de funcionar en el Centro de Salud de la cabecera municipal un puesto de vacunaci\u00f3n anti Covid-19.<\/p>\n\n\n\n<p>Al respecto trascendi\u00f3 que la aplicaci\u00f3n de la vacuna est\u00e1 dirigida a todos los individuos de 15 a\u00f1os en adelante en primera y segunda dosis, as\u00ed como en tercera o de refuerzo.<\/p>\n\n\n\n<p>Como requisitos para recibir la vacunaci\u00f3n, deber\u00e1n presentarse con una identificaci\u00f3n oficial, en horario de 09:00 a 14:00 horas, trayendo consigo un bol\u00edgrafo para llenar los documentos correspondientes.<\/p>\n\n\n\n<p>Cabe mencionar que, la administraci\u00f3n municipal promueve esta campa\u00f1a de vacunaci\u00f3n, con el prop\u00f3sito de lograr un mayor n\u00famero de huautlenses con el esquema completo y evitar casos de esta enfermedad, que pongan en riesgo al grueso de la poblaci\u00f3n.<\/p>\n","protected":false},"excerpt":{"rendered":"<p>Por Redacci\u00f3n\/Zunoticia Huautla, Hgo. &#8211; El gobierno local informa a la poblaci\u00f3n en general que a partir de este d\u00eda y hasta el pr\u00f3ximo 22 del mes y a\u00f1o en curso, habr\u00e1 de funcionar en el Centro de Salud de la cabecera municipal un puesto de vacunaci\u00f3n anti Covid-19. Al respecto trascendi\u00f3 que la aplicaci\u00f3n&hellip; <a class=\"more-link\" href=\"https:\/\/www.zunoticia.com\/noticias-de-hidalgo\/2022\/04\/19\/campana-de-vacunacion-en-punto-permanente\/\">Seguir leyendo <span class=\"screen-reader-text\">Campa\u00f1a de vacunaci\u00f3n en punto permanente<\/span><\/a><\/p>\n","protected":false},"author":12,"featured_media":422039,"comment_status":"open","ping_status":"open","sticky":false,"template":"","format":"standard","meta":{"rop_custom_images_group":[],"rop_custom_messages_group":[],"rop_publish_now":"initial","rop_publish_now_accounts":{"facebook_10159540855086992_322828327761733":""},"rop_publish_now_history":[],"rop_publish_now_status":"pending","footnotes":""},"categories":[179,199],"tags":[125],"class_list":["post-422038","post","type-post","status-publish","format-standard","has-post-thumbnail","hentry","category-huasteca","category-huautla","tag-huautla","entry"],"_links":{"self":[{"href":"https:\/\/www.zunoticia.com\/noticias-de-hidalgo\/wp-json\/wp\/v2\/posts\/422038","targetHints":{"allow":["GET"]}}],"collection":[{"href":"https:\/\/www.zunoticia.com\/noticias-de-hidalgo\/wp-json\/wp\/v2\/posts"}],"about":[{"href":"https:\/\/www.zunoticia.com\/noticias-de-hidalgo\/wp-json\/wp\/v2\/types\/post"}],"author":[{"embeddable":true,"href":"https:\/\/www.zunoticia.com\/noticias-de-hidalgo\/wp-json\/wp\/v2\/users\/12"}],"replies":[{"embeddable":true,"href":"https:\/\/www.zunoticia.com\/noticias-de-hidalgo\/wp-json\/wp\/v2\/comments?post=422038"}],"version-history":[{"count":1,"href":"https:\/\/www.zunoticia.com\/noticias-de-hidalgo\/wp-json\/wp\/v2\/posts\/422038\/revisions"}],"predecessor-version":[{"id":422040,"href":"https:\/\/www.zunoticia.com\/noticias-de-hidalgo\/wp-json\/wp\/v2\/posts\/422038\/revisions\/422040"}],"wp:featuredmedia":[{"embeddable":true,"href":"https:\/\/www.zunoticia.com\/noticias-de-hidalgo\/wp-json\/wp\/v2\/media\/422039"}],"wp:attachment":[{"href":"https:\/\/www.zunoticia.com\/noticias-de-hidalgo\/wp-json\/wp\/v2\/media?parent=422038"}],"wp:term":[{"taxonomy":"category","embeddable":true,"href":"https:\/\/www.zunoticia.com\/noticias-de-hidalgo\/wp-json\/wp\/v2\/categories?post=422038"},{"taxonomy":"post_tag","embeddable":true,"href":"https:\/\/www.zunoticia.com\/noticias-de-hidalgo\/wp-json\/wp\/v2\/tags?post=422038"}],"curies":[{"name":"wp","href":"https:\/\/api.w.org\/{rel}","templated":true}]}}