{"id":423450,"date":"2022-04-28T17:44:29","date_gmt":"2022-04-28T22:44:29","guid":{"rendered":"https:\/\/www.zunoticia.com\/noticias-de-hidalgo\/?p=423450"},"modified":"2022-04-28T17:44:31","modified_gmt":"2022-04-28T22:44:31","slug":"huazalingo-fue-sede-de-reunion-de-contralores-de-la-region-vi","status":"publish","type":"post","link":"https:\/\/www.zunoticia.com\/noticias-de-hidalgo\/2022\/04\/28\/huazalingo-fue-sede-de-reunion-de-contralores-de-la-region-vi\/","title":{"rendered":"Huazalingo fue sede de reuni\u00f3n de Contralores de la regi\u00f3n VI"},"content":{"rendered":"<aside class=\"mashsb-container mashsb-main mashsb-stretched\"><div class=\"mashsb-box\"><div class=\"mashsb-count mash-large\" style=\"float:left\"><div class=\"counts mashsbcount\">28<\/div><span class=\"mashsb-sharetext\">SHARES<\/span><\/div><div class=\"mashsb-buttons\"><a class=\"mashicon-facebook mash-large mash-center mashsb-noshadow\" href=\"https:\/\/www.facebook.com\/sharer.php?u=https%3A%2F%2Fwww.zunoticia.com%2Fnoticias-de-hidalgo%2F2022%2F04%2F28%2Fhuazalingo-fue-sede-de-reunion-de-contralores-de-la-region-vi%2F\" target=\"_top\" rel=\"nofollow\"><span class=\"icon\"><\/span><span class=\"text\">Share<\/span><\/a><a class=\"mashicon-twitter mash-large mash-center mashsb-noshadow\" href=\"https:\/\/twitter.com\/intent\/tweet?text=&amp;url=https:\/\/www.zunoticia.com\/noticias-de-hidalgo\/2022\/04\/28\/huazalingo-fue-sede-de-reunion-de-contralores-de-la-region-vi\/\" target=\"_top\" rel=\"nofollow\"><span class=\"icon\"><\/span><span class=\"text\">Tweet<\/span><\/a><div class=\"onoffswitch2 mash-large mashsb-noshadow\" style=\"display:none\"><\/div><\/div>\n            <\/div>\n                <div style=\"clear:both\"><\/div><div class=\"mashsb-toggle-container\"><\/div><\/aside>\n            <!-- Share buttons by mashshare.net - Version: 4.0.47-->\n<p><em>Por Roberto Meza\/Zunoticia<\/em><\/p>\n\n\n\n<p><strong>Huazalingo, Hgo. &#8211; <\/strong>El gobierno local a trav\u00e9s del \u00e1rea de Contralor\u00eda y Secretar\u00eda municipal, tuvo a bien en recibir a personal del Contralor\u00eda del Estado de Hidalgo, as\u00ed como contralores de la huasteca y sierra, con ello seguir trabajando con los t\u00f3picos para el bien de los gobiernos de los diversos municipios.<\/p>\n\n\n\n<figure class=\"wp-block-image size-full\"><img fetchpriority=\"high\" decoding=\"async\" width=\"720\" height=\"405\" src=\"https:\/\/www.zunoticia.com\/noticias-de-hidalgo\/wp-content\/uploads\/2022\/04\/Photo_1651184932256.jpg\" alt=\"\" class=\"wp-image-423453\" srcset=\"https:\/\/www.zunoticia.com\/noticias-de-hidalgo\/wp-content\/uploads\/2022\/04\/Photo_1651184932256.jpg 720w, https:\/\/www.zunoticia.com\/noticias-de-hidalgo\/wp-content\/uploads\/2022\/04\/Photo_1651184932256-300x169.jpg 300w\" sizes=\"(max-width: 720px) 100vw, 720px\" \/><figcaption>Huazalingo fue sede de la reuni\u00f3n de contralores.<\/figcaption><\/figure>\n\n\n\n<p>El objetivo es seguir capacitando a todos los contralores de esta regi\u00f3n, en la transparencia de la administraci\u00f3n p\u00fablica de los ayuntamientos, el municipio al ser anfitri\u00f3n de la Comisi\u00f3n Permanente de Contralores Estado &#8211; Municipios (CPCE-M) en su cuarta sesi\u00f3n de Contralores Regi\u00f3n VI, los recibi\u00f3 con agrado, con las ganas de seguir impulsando cada uno de los trabajos en este rubro.<\/p>\n\n\n\n<figure class=\"wp-block-image size-full\"><img decoding=\"async\" width=\"720\" height=\"430\" src=\"https:\/\/www.zunoticia.com\/noticias-de-hidalgo\/wp-content\/uploads\/2022\/04\/Photo_1651184932745.jpg\" alt=\"\" class=\"wp-image-423452\" srcset=\"https:\/\/www.zunoticia.com\/noticias-de-hidalgo\/wp-content\/uploads\/2022\/04\/Photo_1651184932745.jpg 720w, https:\/\/www.zunoticia.com\/noticias-de-hidalgo\/wp-content\/uploads\/2022\/04\/Photo_1651184932745-300x179.jpg 300w\" sizes=\"(max-width: 720px) 100vw, 720px\" \/><\/figure>\n\n\n\n<p>El evento se llev\u00f3 a cabo la ma\u00f1ana de este jueves, en donde estuvo presente personal de Contralor\u00eda del Estado, de la ASEH y contralores de la regi\u00f3n; dicha capacitaci\u00f3n fue acerca del seguimiento a procedimientos de responsabilidad administrativa, derivado de observaciones de auditor\u00eda.<\/p>\n","protected":false},"excerpt":{"rendered":"<p>Por Roberto Meza\/Zunoticia Huazalingo, Hgo. &#8211; El gobierno local a trav\u00e9s del \u00e1rea de Contralor\u00eda y Secretar\u00eda municipal, tuvo a bien en recibir a personal del Contralor\u00eda del Estado de Hidalgo, as\u00ed como contralores de la huasteca y sierra, con ello seguir trabajando con los t\u00f3picos para el bien de los gobiernos de los diversos&hellip; <a class=\"more-link\" href=\"https:\/\/www.zunoticia.com\/noticias-de-hidalgo\/2022\/04\/28\/huazalingo-fue-sede-de-reunion-de-contralores-de-la-region-vi\/\">Seguir leyendo <span class=\"screen-reader-text\">Huazalingo fue sede de reuni\u00f3n de Contralores de la regi\u00f3n VI<\/span><\/a><\/p>\n","protected":false},"author":12,"featured_media":423451,"comment_status":"open","ping_status":"open","sticky":false,"template":"","format":"standard","meta":{"rop_custom_images_group":[],"rop_custom_messages_group":[],"rop_publish_now":"initial","rop_publish_now_accounts":{"facebook_10159540855086992_322828327761733":""},"rop_publish_now_history":[],"rop_publish_now_status":"pending","footnotes":""},"categories":[179,212],"tags":[138],"class_list":["post-423450","post","type-post","status-publish","format-standard","has-post-thumbnail","hentry","category-huasteca","category-huazalingo","tag-huazalingo","entry"],"_links":{"self":[{"href":"https:\/\/www.zunoticia.com\/noticias-de-hidalgo\/wp-json\/wp\/v2\/posts\/423450","targetHints":{"allow":["GET"]}}],"collection":[{"href":"https:\/\/www.zunoticia.com\/noticias-de-hidalgo\/wp-json\/wp\/v2\/posts"}],"about":[{"href":"https:\/\/www.zunoticia.com\/noticias-de-hidalgo\/wp-json\/wp\/v2\/types\/post"}],"author":[{"embeddable":true,"href":"https:\/\/www.zunoticia.com\/noticias-de-hidalgo\/wp-json\/wp\/v2\/users\/12"}],"replies":[{"embeddable":true,"href":"https:\/\/www.zunoticia.com\/noticias-de-hidalgo\/wp-json\/wp\/v2\/comments?post=423450"}],"version-history":[{"count":1,"href":"https:\/\/www.zunoticia.com\/noticias-de-hidalgo\/wp-json\/wp\/v2\/posts\/423450\/revisions"}],"predecessor-version":[{"id":423454,"href":"https:\/\/www.zunoticia.com\/noticias-de-hidalgo\/wp-json\/wp\/v2\/posts\/423450\/revisions\/423454"}],"wp:featuredmedia":[{"embeddable":true,"href":"https:\/\/www.zunoticia.com\/noticias-de-hidalgo\/wp-json\/wp\/v2\/media\/423451"}],"wp:attachment":[{"href":"https:\/\/www.zunoticia.com\/noticias-de-hidalgo\/wp-json\/wp\/v2\/media?parent=423450"}],"wp:term":[{"taxonomy":"category","embeddable":true,"href":"https:\/\/www.zunoticia.com\/noticias-de-hidalgo\/wp-json\/wp\/v2\/categories?post=423450"},{"taxonomy":"post_tag","embeddable":true,"href":"https:\/\/www.zunoticia.com\/noticias-de-hidalgo\/wp-json\/wp\/v2\/tags?post=423450"}],"curies":[{"name":"wp","href":"https:\/\/api.w.org\/{rel}","templated":true}]}}