{"id":423703,"date":"2022-04-30T16:40:07","date_gmt":"2022-04-30T21:40:07","guid":{"rendered":"https:\/\/www.zunoticia.com\/noticias-de-hidalgo\/?p=423703"},"modified":"2022-04-30T16:40:08","modified_gmt":"2022-04-30T21:40:08","slug":"ventas-bajas-en-los-primeros-cuatro-meses-del-ano","status":"publish","type":"post","link":"https:\/\/www.zunoticia.com\/noticias-de-hidalgo\/2022\/04\/30\/ventas-bajas-en-los-primeros-cuatro-meses-del-ano\/","title":{"rendered":"Ventas bajas en los primeros cuatro meses del a\u00f1o"},"content":{"rendered":"<aside class=\"mashsb-container mashsb-main mashsb-stretched\"><div class=\"mashsb-box\"><div class=\"mashsb-count mash-large\" style=\"float:left\"><div class=\"counts mashsbcount\">20<\/div><span class=\"mashsb-sharetext\">SHARES<\/span><\/div><div class=\"mashsb-buttons\"><a class=\"mashicon-facebook mash-large mash-center mashsb-noshadow\" href=\"https:\/\/www.facebook.com\/sharer.php?u=https%3A%2F%2Fwww.zunoticia.com%2Fnoticias-de-hidalgo%2F2022%2F04%2F30%2Fventas-bajas-en-los-primeros-cuatro-meses-del-ano%2F\" target=\"_top\" rel=\"nofollow\"><span class=\"icon\"><\/span><span class=\"text\">Share<\/span><\/a><a class=\"mashicon-twitter mash-large mash-center mashsb-noshadow\" href=\"https:\/\/twitter.com\/intent\/tweet?text=&amp;url=https:\/\/www.zunoticia.com\/noticias-de-hidalgo\/2022\/04\/30\/ventas-bajas-en-los-primeros-cuatro-meses-del-ano\/\" target=\"_top\" rel=\"nofollow\"><span class=\"icon\"><\/span><span class=\"text\">Tweet<\/span><\/a><div class=\"onoffswitch2 mash-large mashsb-noshadow\" style=\"display:none\"><\/div><\/div>\n            <\/div>\n                <div style=\"clear:both\"><\/div><div class=\"mashsb-toggle-container\"><\/div><\/aside>\n            <!-- Share buttons by mashshare.net - Version: 4.0.47-->\n<p><em>Por Redacci\u00f3n\/Zunoticia <\/em><\/p>\n\n\n\n<p><strong>Huejutla, Hgo.-<\/strong> &#8220;En los primeros cuatro meses del a\u00f1o 2022, definitivamente que las ventas se han mantenido muy bajas, pero se conf\u00eda que en los meses subsiguientes la situaci\u00f3n de la actividad comercial pudiera mejorar para el bien de todos&#8221;, se\u00f1al\u00f3 Ponciano Hern\u00e1ndez Olvera, representante de los comerciantes establecidos de Huejutla.<\/p>\n\n\n\n<p>Dijo que las bajas ventas se observan entre los diversos giros comerciales de la sierra y la huasteca, &#8220;sobretodo se ha sentido con mayor afectaci\u00f3n entre los mercaderes, durante los a\u00f1os en los cuales ha prevalecido la situaci\u00f3n de la pandemia&#8221;.<\/p>\n\n\n\n<p>Adelant\u00f3 que los comerciantes se mantienen con la confianza de poder mejorar la actividad comercial a partir de este mes de mayo, pues es cuando se tendr\u00e1n los festejos con motivo del d\u00eda de las Madres, del Maestro, del Padre y luego el periodo de clausuras en las escuelas.<\/p>\n\n\n\n<p>Ponciano Hern\u00e1ndez Olvera, expuso que en breve se tendr\u00e1 y esperan un mayor movimiento comercial por las fiestas de temporada, resaltando que poco a poco conf\u00edan en mejorar para salir pronto de toda esta situaci\u00f3n.<\/p>\n\n\n\n<p>Concluy\u00f3 invitando a la poblaci\u00f3n en general y a los comerciantes a no bajar la guardia en cuanto a las medidas preventivas que requieren las autoridades con motivo de la contingencia sanitaria.<\/p>\n\n\n\n<p><\/p>\n\n\n\n<p><\/p>\n\n\n\n<p><\/p>\n\n\n\n<p><\/p>\n\n\n\n<p><\/p>\n\n\n\n<p><\/p>\n\n\n\n<p><\/p>\n\n\n\n<p><\/p>\n\n\n\n<p><\/p>\n\n\n\n<p><\/p>\n\n\n\n<p><\/p>\n\n\n\n<p><\/p>\n\n\n\n<p><\/p>\n","protected":false},"excerpt":{"rendered":"<p>Por Redacci\u00f3n\/Zunoticia Huejutla, Hgo.- &#8220;En los primeros cuatro meses del a\u00f1o 2022, definitivamente que las ventas se han mantenido muy bajas, pero se conf\u00eda que en los meses subsiguientes la situaci\u00f3n de la actividad comercial pudiera mejorar para el bien de todos&#8221;, se\u00f1al\u00f3 Ponciano Hern\u00e1ndez Olvera, representante de los comerciantes establecidos de Huejutla. Dijo que&hellip; <a class=\"more-link\" href=\"https:\/\/www.zunoticia.com\/noticias-de-hidalgo\/2022\/04\/30\/ventas-bajas-en-los-primeros-cuatro-meses-del-ano\/\">Seguir leyendo <span class=\"screen-reader-text\">Ventas bajas en los primeros cuatro meses del a\u00f1o<\/span><\/a><\/p>\n","protected":false},"author":12,"featured_media":423704,"comment_status":"open","ping_status":"open","sticky":false,"template":"","format":"standard","meta":{"rop_custom_images_group":[],"rop_custom_messages_group":[],"rop_publish_now":"initial","rop_publish_now_accounts":{"facebook_10159540855086992_322828327761733":""},"rop_publish_now_history":[],"rop_publish_now_status":"pending","footnotes":""},"categories":[181],"tags":[121],"class_list":["post-423703","post","type-post","status-publish","format-standard","has-post-thumbnail","hentry","category-huejutla","tag-huejutla","entry"],"_links":{"self":[{"href":"https:\/\/www.zunoticia.com\/noticias-de-hidalgo\/wp-json\/wp\/v2\/posts\/423703","targetHints":{"allow":["GET"]}}],"collection":[{"href":"https:\/\/www.zunoticia.com\/noticias-de-hidalgo\/wp-json\/wp\/v2\/posts"}],"about":[{"href":"https:\/\/www.zunoticia.com\/noticias-de-hidalgo\/wp-json\/wp\/v2\/types\/post"}],"author":[{"embeddable":true,"href":"https:\/\/www.zunoticia.com\/noticias-de-hidalgo\/wp-json\/wp\/v2\/users\/12"}],"replies":[{"embeddable":true,"href":"https:\/\/www.zunoticia.com\/noticias-de-hidalgo\/wp-json\/wp\/v2\/comments?post=423703"}],"version-history":[{"count":1,"href":"https:\/\/www.zunoticia.com\/noticias-de-hidalgo\/wp-json\/wp\/v2\/posts\/423703\/revisions"}],"predecessor-version":[{"id":423705,"href":"https:\/\/www.zunoticia.com\/noticias-de-hidalgo\/wp-json\/wp\/v2\/posts\/423703\/revisions\/423705"}],"wp:featuredmedia":[{"embeddable":true,"href":"https:\/\/www.zunoticia.com\/noticias-de-hidalgo\/wp-json\/wp\/v2\/media\/423704"}],"wp:attachment":[{"href":"https:\/\/www.zunoticia.com\/noticias-de-hidalgo\/wp-json\/wp\/v2\/media?parent=423703"}],"wp:term":[{"taxonomy":"category","embeddable":true,"href":"https:\/\/www.zunoticia.com\/noticias-de-hidalgo\/wp-json\/wp\/v2\/categories?post=423703"},{"taxonomy":"post_tag","embeddable":true,"href":"https:\/\/www.zunoticia.com\/noticias-de-hidalgo\/wp-json\/wp\/v2\/tags?post=423703"}],"curies":[{"name":"wp","href":"https:\/\/api.w.org\/{rel}","templated":true}]}}