{"id":423725,"date":"2022-04-30T18:17:47","date_gmt":"2022-04-30T23:17:47","guid":{"rendered":"https:\/\/www.zunoticia.com\/noticias-de-hidalgo\/?p=423725"},"modified":"2022-04-30T18:17:50","modified_gmt":"2022-04-30T23:17:50","slug":"obispo-felicita-a-los-ninos-en-su-dia","status":"publish","type":"post","link":"https:\/\/www.zunoticia.com\/noticias-de-hidalgo\/2022\/04\/30\/obispo-felicita-a-los-ninos-en-su-dia\/","title":{"rendered":"Obispo felicita a los ni\u00f1os en su d\u00eda"},"content":{"rendered":"<aside class=\"mashsb-container mashsb-main mashsb-stretched\"><div class=\"mashsb-box\"><div class=\"mashsb-count mash-large\" style=\"float:left\"><div class=\"counts mashsbcount\">1<\/div><span class=\"mashsb-sharetext\">SHARES<\/span><\/div><div class=\"mashsb-buttons\"><a class=\"mashicon-facebook mash-large mash-center mashsb-noshadow\" href=\"https:\/\/www.facebook.com\/sharer.php?u=https%3A%2F%2Fwww.zunoticia.com%2Fnoticias-de-hidalgo%2F2022%2F04%2F30%2Fobispo-felicita-a-los-ninos-en-su-dia%2F\" target=\"_top\" rel=\"nofollow\"><span class=\"icon\"><\/span><span class=\"text\">Share<\/span><\/a><a class=\"mashicon-twitter mash-large mash-center mashsb-noshadow\" href=\"https:\/\/twitter.com\/intent\/tweet?text=&amp;url=https:\/\/www.zunoticia.com\/noticias-de-hidalgo\/2022\/04\/30\/obispo-felicita-a-los-ninos-en-su-dia\/\" target=\"_top\" rel=\"nofollow\"><span class=\"icon\"><\/span><span class=\"text\">Tweet<\/span><\/a><div class=\"onoffswitch2 mash-large mashsb-noshadow\" style=\"display:none\"><\/div><\/div>\n            <\/div>\n                <div style=\"clear:both\"><\/div><div class=\"mashsb-toggle-container\"><\/div><\/aside>\n            <!-- Share buttons by mashshare.net - Version: 4.0.47-->\n<p><em>Por Enedino Hern\u00e1ndez\/Zunoticia<\/em><\/p>\n\n\n\n<p><strong>Huejutla, Hgo. &#8211;<\/strong> El Obispo de la Di\u00f3cesis de Huejutla de Reyes, Jos\u00e9 Hir\u00e1is Acosta Beltr\u00e1n, felicit\u00f3 a las ni\u00f1as y ni\u00f1os con motivo de que este s\u00e1bado 30 de abril se celebr\u00f3 el d\u00eda del Ni\u00f1o.<\/p>\n\n\n\n<p>Indic\u00f3 que los padres de familia y la Iglesia oran durante este d\u00eda por las ni\u00f1as y ni\u00f1os para que el se\u00f1or ilumine su camino, sobretodo que actualmente se encuentran en una edad de crecimiento y desarrollo.<\/p>\n\n\n\n<p>Dijo que los ni\u00f1os viven en una etapa muy bonita, en donde tienen sus pastores, que son sus pap\u00e1s quienes siempre los gu\u00edan por el camino del bien para que lleguen a integrarse en la sociedad de una manera positiva como gente de bien; adem\u00e1s tienen a sus gu\u00edas que son los profesores en las diversas instituciones educativas.<\/p>\n\n\n\n<p>Detall\u00f3 que adem\u00e1s de celebrar el d\u00eda del Ni\u00f1o deben de dar gracias a Dios por la vida, por el ser ni\u00f1o, por ser hijos de Dios, que puedan conducirse al estilo y a la manera de la vida de Jes\u00fas, obviamente contando con el apoyo de sus padres y de cada uno de los integrantes de su familia, de sus profesores e instructores.<\/p>\n\n\n\n<p>Jos\u00e9 Hir\u00e1is Acosta Beltr\u00e1n, record\u00f3 los pasajes de San Lucas en los cuales se narra la vida de Jes\u00fas, por lo que pide a los padres de familia a conducir a las ni\u00f1as y ni\u00f1os siempre por el camino del bien.<\/p>\n","protected":false},"excerpt":{"rendered":"<p>Por Enedino Hern\u00e1ndez\/Zunoticia Huejutla, Hgo. &#8211; El Obispo de la Di\u00f3cesis de Huejutla de Reyes, Jos\u00e9 Hir\u00e1is Acosta Beltr\u00e1n, felicit\u00f3 a las ni\u00f1as y ni\u00f1os con motivo de que este s\u00e1bado 30 de abril se celebr\u00f3 el d\u00eda del Ni\u00f1o. Indic\u00f3 que los padres de familia y la Iglesia oran durante este d\u00eda por las&hellip; <a class=\"more-link\" href=\"https:\/\/www.zunoticia.com\/noticias-de-hidalgo\/2022\/04\/30\/obispo-felicita-a-los-ninos-en-su-dia\/\">Seguir leyendo <span class=\"screen-reader-text\">Obispo felicita a los ni\u00f1os en su d\u00eda<\/span><\/a><\/p>\n","protected":false},"author":12,"featured_media":423726,"comment_status":"open","ping_status":"open","sticky":false,"template":"","format":"standard","meta":{"rop_custom_images_group":[],"rop_custom_messages_group":[],"rop_publish_now":"initial","rop_publish_now_accounts":{"facebook_10159540855086992_322828327761733":""},"rop_publish_now_history":[],"rop_publish_now_status":"pending","footnotes":""},"categories":[181],"tags":[121],"class_list":["post-423725","post","type-post","status-publish","format-standard","has-post-thumbnail","hentry","category-huejutla","tag-huejutla","entry"],"_links":{"self":[{"href":"https:\/\/www.zunoticia.com\/noticias-de-hidalgo\/wp-json\/wp\/v2\/posts\/423725","targetHints":{"allow":["GET"]}}],"collection":[{"href":"https:\/\/www.zunoticia.com\/noticias-de-hidalgo\/wp-json\/wp\/v2\/posts"}],"about":[{"href":"https:\/\/www.zunoticia.com\/noticias-de-hidalgo\/wp-json\/wp\/v2\/types\/post"}],"author":[{"embeddable":true,"href":"https:\/\/www.zunoticia.com\/noticias-de-hidalgo\/wp-json\/wp\/v2\/users\/12"}],"replies":[{"embeddable":true,"href":"https:\/\/www.zunoticia.com\/noticias-de-hidalgo\/wp-json\/wp\/v2\/comments?post=423725"}],"version-history":[{"count":1,"href":"https:\/\/www.zunoticia.com\/noticias-de-hidalgo\/wp-json\/wp\/v2\/posts\/423725\/revisions"}],"predecessor-version":[{"id":423727,"href":"https:\/\/www.zunoticia.com\/noticias-de-hidalgo\/wp-json\/wp\/v2\/posts\/423725\/revisions\/423727"}],"wp:featuredmedia":[{"embeddable":true,"href":"https:\/\/www.zunoticia.com\/noticias-de-hidalgo\/wp-json\/wp\/v2\/media\/423726"}],"wp:attachment":[{"href":"https:\/\/www.zunoticia.com\/noticias-de-hidalgo\/wp-json\/wp\/v2\/media?parent=423725"}],"wp:term":[{"taxonomy":"category","embeddable":true,"href":"https:\/\/www.zunoticia.com\/noticias-de-hidalgo\/wp-json\/wp\/v2\/categories?post=423725"},{"taxonomy":"post_tag","embeddable":true,"href":"https:\/\/www.zunoticia.com\/noticias-de-hidalgo\/wp-json\/wp\/v2\/tags?post=423725"}],"curies":[{"name":"wp","href":"https:\/\/api.w.org\/{rel}","templated":true}]}}