{"id":423763,"date":"2022-04-30T21:35:44","date_gmt":"2022-05-01T02:35:44","guid":{"rendered":"https:\/\/www.zunoticia.com\/noticias-de-hidalgo\/?p=423763"},"modified":"2022-04-30T21:35:44","modified_gmt":"2022-05-01T02:35:44","slug":"roban-auto-en-calnali","status":"publish","type":"post","link":"https:\/\/www.zunoticia.com\/noticias-de-hidalgo\/2022\/04\/30\/roban-auto-en-calnali\/","title":{"rendered":"Roban auto en Calnali"},"content":{"rendered":"<aside class=\"mashsb-container mashsb-main mashsb-stretched\"><div class=\"mashsb-box\"><div class=\"mashsb-count mash-large\" style=\"float:left\"><div class=\"counts mashsbcount\">40<\/div><span class=\"mashsb-sharetext\">SHARES<\/span><\/div><div class=\"mashsb-buttons\"><a class=\"mashicon-facebook mash-large mash-center mashsb-noshadow\" href=\"https:\/\/www.facebook.com\/sharer.php?u=https%3A%2F%2Fwww.zunoticia.com%2Fnoticias-de-hidalgo%2F2022%2F04%2F30%2Froban-auto-en-calnali%2F\" target=\"_top\" rel=\"nofollow\"><span class=\"icon\"><\/span><span class=\"text\">Share<\/span><\/a><a class=\"mashicon-twitter mash-large mash-center mashsb-noshadow\" href=\"https:\/\/twitter.com\/intent\/tweet?text=&amp;url=https:\/\/www.zunoticia.com\/noticias-de-hidalgo\/2022\/04\/30\/roban-auto-en-calnali\/\" target=\"_top\" rel=\"nofollow\"><span class=\"icon\"><\/span><span class=\"text\">Tweet<\/span><\/a><div class=\"onoffswitch2 mash-large mashsb-noshadow\" style=\"display:none\"><\/div><\/div>\n            <\/div>\n                <div style=\"clear:both\"><\/div><div class=\"mashsb-toggle-container\"><\/div><\/aside>\n            <!-- Share buttons by mashshare.net - Version: 4.0.47-->\n<p><em>Por Redacci\u00f3n\/Zunoticia<\/em><\/p>\n\n\n\n<p><strong>Calnali, Hgo.-<\/strong> Amantes de lo ajeno llevaron a cabo el robo de un autom\u00f3vil particular, por lo que el afectado pide el apoyo para localizar su unidad que hasta el momento no han logrado recuperar.<\/p>\n\n\n\n<p>Los hechos ocurrieron en d\u00edas pasados, durante el transcurso de la noche en el municipio de Calnali, cuando un veh\u00edculo de la marca Volkswagen Jetta color negro, fue robado por personas desconocidas cuando se encontraba estacionado presuntamente en v\u00eda p\u00fablica, por lo que el propietario logr\u00f3 percatarse horas despu\u00e9s del robo.<\/p>\n\n\n\n<p>La v\u00edctima tras lo sucedido pidi\u00f3 el apoyo de las autoridades para realizar la b\u00fasqueda del veh\u00edculo, sin embargo, hasta el momento no han logrado localizar la unidad de acuerdo a las caracter\u00edsticas proporcionadas, ya que cuenta con placas de circulaci\u00f3n MCX7382 del Estado de M\u00e9xico, por lo que de igual manera esperan contar con el apoyo de la ciudadan\u00eda en general para dar con el paradero del coche y cualquier informaci\u00f3n comunicarse al n\u00famero telef\u00f3nico 7711043158, cabe hacer menci\u00f3n que el due\u00f1o indic\u00f3 que a quien de informes del veh\u00edculo ser\u00e1 recompensado.<\/p>\n","protected":false},"excerpt":{"rendered":"<p>Por Redacci\u00f3n\/Zunoticia Calnali, Hgo.- Amantes de lo ajeno llevaron a cabo el robo de un autom\u00f3vil particular, por lo que el afectado pide el apoyo para localizar su unidad que hasta el momento no han logrado recuperar. Los hechos ocurrieron en d\u00edas pasados, durante el transcurso de la noche en el municipio de Calnali, cuando&hellip; <a class=\"more-link\" href=\"https:\/\/www.zunoticia.com\/noticias-de-hidalgo\/2022\/04\/30\/roban-auto-en-calnali\/\">Seguir leyendo <span class=\"screen-reader-text\">Roban auto en Calnali<\/span><\/a><\/p>\n","protected":false},"author":13,"featured_media":423758,"comment_status":"open","ping_status":"open","sticky":false,"template":"","format":"standard","meta":{"rop_custom_images_group":[],"rop_custom_messages_group":[],"rop_publish_now":"initial","rop_publish_now_accounts":{"facebook_10159540855086992_322828327761733":""},"rop_publish_now_history":[],"rop_publish_now_status":"pending","footnotes":""},"categories":[178,209],"tags":[121,259],"class_list":["post-423763","post","type-post","status-publish","format-standard","has-post-thumbnail","hentry","category-policiaca","category-relevante","tag-huejutla","tag-policiaca","entry"],"_links":{"self":[{"href":"https:\/\/www.zunoticia.com\/noticias-de-hidalgo\/wp-json\/wp\/v2\/posts\/423763","targetHints":{"allow":["GET"]}}],"collection":[{"href":"https:\/\/www.zunoticia.com\/noticias-de-hidalgo\/wp-json\/wp\/v2\/posts"}],"about":[{"href":"https:\/\/www.zunoticia.com\/noticias-de-hidalgo\/wp-json\/wp\/v2\/types\/post"}],"author":[{"embeddable":true,"href":"https:\/\/www.zunoticia.com\/noticias-de-hidalgo\/wp-json\/wp\/v2\/users\/13"}],"replies":[{"embeddable":true,"href":"https:\/\/www.zunoticia.com\/noticias-de-hidalgo\/wp-json\/wp\/v2\/comments?post=423763"}],"version-history":[{"count":1,"href":"https:\/\/www.zunoticia.com\/noticias-de-hidalgo\/wp-json\/wp\/v2\/posts\/423763\/revisions"}],"predecessor-version":[{"id":423764,"href":"https:\/\/www.zunoticia.com\/noticias-de-hidalgo\/wp-json\/wp\/v2\/posts\/423763\/revisions\/423764"}],"wp:featuredmedia":[{"embeddable":true,"href":"https:\/\/www.zunoticia.com\/noticias-de-hidalgo\/wp-json\/wp\/v2\/media\/423758"}],"wp:attachment":[{"href":"https:\/\/www.zunoticia.com\/noticias-de-hidalgo\/wp-json\/wp\/v2\/media?parent=423763"}],"wp:term":[{"taxonomy":"category","embeddable":true,"href":"https:\/\/www.zunoticia.com\/noticias-de-hidalgo\/wp-json\/wp\/v2\/categories?post=423763"},{"taxonomy":"post_tag","embeddable":true,"href":"https:\/\/www.zunoticia.com\/noticias-de-hidalgo\/wp-json\/wp\/v2\/tags?post=423763"}],"curies":[{"name":"wp","href":"https:\/\/api.w.org\/{rel}","templated":true}]}}