{"id":424044,"date":"2022-05-03T14:45:03","date_gmt":"2022-05-03T19:45:03","guid":{"rendered":"https:\/\/www.zunoticia.com\/noticias-de-hidalgo\/?p=424044"},"modified":"2022-05-03T14:45:04","modified_gmt":"2022-05-03T19:45:04","slug":"citricultores-recibieron-capacitacion","status":"publish","type":"post","link":"https:\/\/www.zunoticia.com\/noticias-de-hidalgo\/2022\/05\/03\/citricultores-recibieron-capacitacion\/","title":{"rendered":"Citricultores recibieron capacitaci\u00f3n"},"content":{"rendered":"<aside class=\"mashsb-container mashsb-main mashsb-stretched\"><div class=\"mashsb-box\"><div class=\"mashsb-count mash-large\" style=\"float:left\"><div class=\"counts mashsbcount\">7<\/div><span class=\"mashsb-sharetext\">SHARES<\/span><\/div><div class=\"mashsb-buttons\"><a class=\"mashicon-facebook mash-large mash-center mashsb-noshadow\" href=\"https:\/\/www.facebook.com\/sharer.php?u=https%3A%2F%2Fwww.zunoticia.com%2Fnoticias-de-hidalgo%2F2022%2F05%2F03%2Fcitricultores-recibieron-capacitacion%2F\" target=\"_top\" rel=\"nofollow\"><span class=\"icon\"><\/span><span class=\"text\">Share<\/span><\/a><a class=\"mashicon-twitter mash-large mash-center mashsb-noshadow\" href=\"https:\/\/twitter.com\/intent\/tweet?text=&amp;url=https:\/\/www.zunoticia.com\/noticias-de-hidalgo\/2022\/05\/03\/citricultores-recibieron-capacitacion\/\" target=\"_top\" rel=\"nofollow\"><span class=\"icon\"><\/span><span class=\"text\">Tweet<\/span><\/a><div class=\"onoffswitch2 mash-large mashsb-noshadow\" style=\"display:none\"><\/div><\/div>\n            <\/div>\n                <div style=\"clear:both\"><\/div><div class=\"mashsb-toggle-container\"><\/div><\/aside>\n            <!-- Share buttons by mashshare.net - Version: 4.0.47-->\n<p><em>Por \u00c1ngel Silverio\/Zunoticia<\/em><\/p>\n\n\n\n<p><strong>San Felipe Orizatl\u00e1n, Hgo.-<\/strong> Productores de c\u00edtricos de los estados de Hidalgo, Veracruz, San Luis Potos\u00ed y Puebla, llevaron a cabo una reuni\u00f3n importante para ser parte de la jornada tecnol\u00f3gica a cargo del ingeniero Abel Hern\u00e1ndez Leonides, donde se les capacit\u00f3 para mejorar la producci\u00f3n y combatir las plagas que afectan a sus cultivos.<br>Fue el pasado fin de semana, cuando se realiz\u00f3 dicha capacitaci\u00f3n de manera te\u00f3rica, para despu\u00e9s acudir a los plant\u00edos de c\u00edtricos a fin de hacerles una demostraci\u00f3n del control y manejo adecuado del Huanglongbing con insumos org\u00e1nicos y biol\u00f3gicos; ah\u00ed tambi\u00e9n se les habl\u00f3 acerca del &#8220;HLB&#8221;, que es una enfermedad provocada por una bacteria, que afecta a diversas especies de plantas de c\u00edtricos como el lim\u00f3n, naranja y mandarina.<br>Dicha capacitaci\u00f3n, result\u00f3 muy satisfactoria, seg\u00fan los presentes, pues se realiz\u00f3 para el manejo sustentable de esta enfermedad a nivel regional, as\u00ed responder al reto de la citricultura que en muchos a\u00f1os en esta parte del Estado de Hidalgo no se ha detonado al m\u00e1ximo, a pesar de que la ubicaci\u00f3n geogr\u00e1fica y las condiciones climatol\u00f3gicas, son favorables para la mayor producci\u00f3n de c\u00edtricos.<br>Los citricultores externaron su agradecimiento por la capacitaci\u00f3n, la cual es muy necesaria para mejorar la producci\u00f3n y manejo de los c\u00edtricos que aqu\u00ed se cosechan; de esta manera poder elevar su producci\u00f3n y por ende el mercado que requieren, que es muy necesario.<\/p>\n","protected":false},"excerpt":{"rendered":"<p>Por \u00c1ngel Silverio\/Zunoticia San Felipe Orizatl\u00e1n, Hgo.- Productores de c\u00edtricos de los estados de Hidalgo, Veracruz, San Luis Potos\u00ed y Puebla, llevaron a cabo una reuni\u00f3n importante para ser parte de la jornada tecnol\u00f3gica a cargo del ingeniero Abel Hern\u00e1ndez Leonides, donde se les capacit\u00f3 para mejorar la producci\u00f3n y combatir las plagas que afectan&hellip; <a class=\"more-link\" href=\"https:\/\/www.zunoticia.com\/noticias-de-hidalgo\/2022\/05\/03\/citricultores-recibieron-capacitacion\/\">Seguir leyendo <span class=\"screen-reader-text\">Citricultores recibieron capacitaci\u00f3n<\/span><\/a><\/p>\n","protected":false},"author":12,"featured_media":424045,"comment_status":"open","ping_status":"open","sticky":false,"template":"","format":"standard","meta":{"rop_custom_images_group":[],"rop_custom_messages_group":[],"rop_publish_now":"initial","rop_publish_now_accounts":{"facebook_10159540855086992_322828327761733":""},"rop_publish_now_history":[],"rop_publish_now_status":"pending","footnotes":""},"categories":[180],"tags":[129],"class_list":["post-424044","post","type-post","status-publish","format-standard","has-post-thumbnail","hentry","category-orizatlan","tag-orizatlan","entry"],"_links":{"self":[{"href":"https:\/\/www.zunoticia.com\/noticias-de-hidalgo\/wp-json\/wp\/v2\/posts\/424044","targetHints":{"allow":["GET"]}}],"collection":[{"href":"https:\/\/www.zunoticia.com\/noticias-de-hidalgo\/wp-json\/wp\/v2\/posts"}],"about":[{"href":"https:\/\/www.zunoticia.com\/noticias-de-hidalgo\/wp-json\/wp\/v2\/types\/post"}],"author":[{"embeddable":true,"href":"https:\/\/www.zunoticia.com\/noticias-de-hidalgo\/wp-json\/wp\/v2\/users\/12"}],"replies":[{"embeddable":true,"href":"https:\/\/www.zunoticia.com\/noticias-de-hidalgo\/wp-json\/wp\/v2\/comments?post=424044"}],"version-history":[{"count":1,"href":"https:\/\/www.zunoticia.com\/noticias-de-hidalgo\/wp-json\/wp\/v2\/posts\/424044\/revisions"}],"predecessor-version":[{"id":424046,"href":"https:\/\/www.zunoticia.com\/noticias-de-hidalgo\/wp-json\/wp\/v2\/posts\/424044\/revisions\/424046"}],"wp:featuredmedia":[{"embeddable":true,"href":"https:\/\/www.zunoticia.com\/noticias-de-hidalgo\/wp-json\/wp\/v2\/media\/424045"}],"wp:attachment":[{"href":"https:\/\/www.zunoticia.com\/noticias-de-hidalgo\/wp-json\/wp\/v2\/media?parent=424044"}],"wp:term":[{"taxonomy":"category","embeddable":true,"href":"https:\/\/www.zunoticia.com\/noticias-de-hidalgo\/wp-json\/wp\/v2\/categories?post=424044"},{"taxonomy":"post_tag","embeddable":true,"href":"https:\/\/www.zunoticia.com\/noticias-de-hidalgo\/wp-json\/wp\/v2\/tags?post=424044"}],"curies":[{"name":"wp","href":"https:\/\/api.w.org\/{rel}","templated":true}]}}