{"id":424047,"date":"2022-05-03T14:46:49","date_gmt":"2022-05-03T19:46:49","guid":{"rendered":"https:\/\/www.zunoticia.com\/noticias-de-hidalgo\/?p=424047"},"modified":"2022-05-03T14:46:50","modified_gmt":"2022-05-03T19:46:50","slug":"albaniles-festejan-su-dia-trabajando","status":"publish","type":"post","link":"https:\/\/www.zunoticia.com\/noticias-de-hidalgo\/2022\/05\/03\/albaniles-festejan-su-dia-trabajando\/","title":{"rendered":"Alba\u00f1iles festejan su d\u00eda trabajando"},"content":{"rendered":"<aside class=\"mashsb-container mashsb-main mashsb-stretched\"><div class=\"mashsb-box\"><div class=\"mashsb-count mash-large\" style=\"float:left\"><div class=\"counts mashsbcount\">37<\/div><span class=\"mashsb-sharetext\">SHARES<\/span><\/div><div class=\"mashsb-buttons\"><a class=\"mashicon-facebook mash-large mash-center mashsb-noshadow\" href=\"https:\/\/www.facebook.com\/sharer.php?u=https%3A%2F%2Fwww.zunoticia.com%2Fnoticias-de-hidalgo%2F2022%2F05%2F03%2Falbaniles-festejan-su-dia-trabajando%2F\" target=\"_top\" rel=\"nofollow\"><span class=\"icon\"><\/span><span class=\"text\">Share<\/span><\/a><a class=\"mashicon-twitter mash-large mash-center mashsb-noshadow\" href=\"https:\/\/twitter.com\/intent\/tweet?text=&amp;url=https:\/\/www.zunoticia.com\/noticias-de-hidalgo\/2022\/05\/03\/albaniles-festejan-su-dia-trabajando\/\" target=\"_top\" rel=\"nofollow\"><span class=\"icon\"><\/span><span class=\"text\">Tweet<\/span><\/a><div class=\"onoffswitch2 mash-large mashsb-noshadow\" style=\"display:none\"><\/div><\/div>\n            <\/div>\n                <div style=\"clear:both\"><\/div><div class=\"mashsb-toggle-container\"><\/div><\/aside>\n            <!-- Share buttons by mashshare.net - Version: 4.0.47-->\n<p><em>Por Francisco Rosas\/Zunoticia<\/em><\/p>\n\n\n\n<p><strong>Huejutla, Hgo.- <\/strong>Como cada a\u00f1o, este 3 de mayo se festeja el d\u00eda de los trabajadores de la construcci\u00f3n, fecha que coincide con la celebraci\u00f3n cat\u00f3lica de la Santa Cruz, no obstante los alba\u00f1iles que tienen la dicha de tener trabajo, no suspendieron sus labores cotidianas.<br>Jorge Antonio L\u00f3pez, quien dijo ser encargado de una obra en construcci\u00f3n, indic\u00f3 que como todos los d\u00edas, los obreros se presentaron a sus actividades normales, pero antes de empezar a trabajar colocaron una cruz de madera con flores en lo alto de la obra.<\/p>\n\n\n\n<figure class=\"wp-block-image size-large\"><img fetchpriority=\"high\" decoding=\"async\" width=\"1024\" height=\"702\" src=\"https:\/\/www.zunoticia.com\/noticias-de-hidalgo\/wp-content\/uploads\/2022\/05\/Photo_1651602022439-1024x702.jpg\" alt=\"\" class=\"wp-image-424048\" srcset=\"https:\/\/www.zunoticia.com\/noticias-de-hidalgo\/wp-content\/uploads\/2022\/05\/Photo_1651602022439-1024x702.jpg 1024w, https:\/\/www.zunoticia.com\/noticias-de-hidalgo\/wp-content\/uploads\/2022\/05\/Photo_1651602022439-300x206.jpg 300w, https:\/\/www.zunoticia.com\/noticias-de-hidalgo\/wp-content\/uploads\/2022\/05\/Photo_1651602022439-768x526.jpg 768w, https:\/\/www.zunoticia.com\/noticias-de-hidalgo\/wp-content\/uploads\/2022\/05\/Photo_1651602022439.jpg 1280w\" sizes=\"(max-width: 1024px) 100vw, 1024px\" \/><\/figure>\n\n\n\n<p>Asimismo, despu\u00e9s del mediod\u00eda, dijo que se program\u00f3 un convivio con el patr\u00f3n para no dejar pasar desapercibido este d\u00eda, de esta manera compartir la comida y bebida.<br>Por otra parte, es importante mencionar que muchos alba\u00f1iles no tienen trabajo, porque hay pocas obras en construcci\u00f3n en la regi\u00f3n y algunos han tenido que emigrar a otros estados de la rep\u00fablica en busca de mejores condiciones laborales.<\/p>\n","protected":false},"excerpt":{"rendered":"<p>Por Francisco Rosas\/Zunoticia Huejutla, Hgo.- Como cada a\u00f1o, este 3 de mayo se festeja el d\u00eda de los trabajadores de la construcci\u00f3n, fecha que coincide con la celebraci\u00f3n cat\u00f3lica de la Santa Cruz, no obstante los alba\u00f1iles que tienen la dicha de tener trabajo, no suspendieron sus labores cotidianas.Jorge Antonio L\u00f3pez, quien dijo ser encargado&hellip; <a class=\"more-link\" href=\"https:\/\/www.zunoticia.com\/noticias-de-hidalgo\/2022\/05\/03\/albaniles-festejan-su-dia-trabajando\/\">Seguir leyendo <span class=\"screen-reader-text\">Alba\u00f1iles festejan su d\u00eda trabajando<\/span><\/a><\/p>\n","protected":false},"author":12,"featured_media":424049,"comment_status":"open","ping_status":"open","sticky":false,"template":"","format":"standard","meta":{"rop_custom_images_group":[],"rop_custom_messages_group":[],"rop_publish_now":"initial","rop_publish_now_accounts":{"facebook_10159540855086992_322828327761733":""},"rop_publish_now_history":[],"rop_publish_now_status":"pending","footnotes":""},"categories":[181],"tags":[121],"class_list":["post-424047","post","type-post","status-publish","format-standard","has-post-thumbnail","hentry","category-huejutla","tag-huejutla","entry"],"_links":{"self":[{"href":"https:\/\/www.zunoticia.com\/noticias-de-hidalgo\/wp-json\/wp\/v2\/posts\/424047","targetHints":{"allow":["GET"]}}],"collection":[{"href":"https:\/\/www.zunoticia.com\/noticias-de-hidalgo\/wp-json\/wp\/v2\/posts"}],"about":[{"href":"https:\/\/www.zunoticia.com\/noticias-de-hidalgo\/wp-json\/wp\/v2\/types\/post"}],"author":[{"embeddable":true,"href":"https:\/\/www.zunoticia.com\/noticias-de-hidalgo\/wp-json\/wp\/v2\/users\/12"}],"replies":[{"embeddable":true,"href":"https:\/\/www.zunoticia.com\/noticias-de-hidalgo\/wp-json\/wp\/v2\/comments?post=424047"}],"version-history":[{"count":1,"href":"https:\/\/www.zunoticia.com\/noticias-de-hidalgo\/wp-json\/wp\/v2\/posts\/424047\/revisions"}],"predecessor-version":[{"id":424050,"href":"https:\/\/www.zunoticia.com\/noticias-de-hidalgo\/wp-json\/wp\/v2\/posts\/424047\/revisions\/424050"}],"wp:featuredmedia":[{"embeddable":true,"href":"https:\/\/www.zunoticia.com\/noticias-de-hidalgo\/wp-json\/wp\/v2\/media\/424049"}],"wp:attachment":[{"href":"https:\/\/www.zunoticia.com\/noticias-de-hidalgo\/wp-json\/wp\/v2\/media?parent=424047"}],"wp:term":[{"taxonomy":"category","embeddable":true,"href":"https:\/\/www.zunoticia.com\/noticias-de-hidalgo\/wp-json\/wp\/v2\/categories?post=424047"},{"taxonomy":"post_tag","embeddable":true,"href":"https:\/\/www.zunoticia.com\/noticias-de-hidalgo\/wp-json\/wp\/v2\/tags?post=424047"}],"curies":[{"name":"wp","href":"https:\/\/api.w.org\/{rel}","templated":true}]}}