{"id":424054,"date":"2022-05-03T14:50:32","date_gmt":"2022-05-03T19:50:32","guid":{"rendered":"https:\/\/www.zunoticia.com\/noticias-de-hidalgo\/?p=424054"},"modified":"2022-05-03T14:50:33","modified_gmt":"2022-05-03T19:50:33","slug":"pide-fdomez-libertad-para-higinio-bustos","status":"publish","type":"post","link":"https:\/\/www.zunoticia.com\/noticias-de-hidalgo\/2022\/05\/03\/pide-fdomez-libertad-para-higinio-bustos\/","title":{"rendered":"Pide FDOMEZ libertad para Higinio Bustos"},"content":{"rendered":"<aside class=\"mashsb-container mashsb-main mashsb-stretched\"><div class=\"mashsb-box\"><div class=\"mashsb-count mash-large\" style=\"float:left\"><div class=\"counts mashsbcount\">10<\/div><span class=\"mashsb-sharetext\">SHARES<\/span><\/div><div class=\"mashsb-buttons\"><a class=\"mashicon-facebook mash-large mash-center mashsb-noshadow\" href=\"https:\/\/www.facebook.com\/sharer.php?u=https%3A%2F%2Fwww.zunoticia.com%2Fnoticias-de-hidalgo%2F2022%2F05%2F03%2Fpide-fdomez-libertad-para-higinio-bustos%2F\" target=\"_top\" rel=\"nofollow\"><span class=\"icon\"><\/span><span class=\"text\">Share<\/span><\/a><a class=\"mashicon-twitter mash-large mash-center mashsb-noshadow\" href=\"https:\/\/twitter.com\/intent\/tweet?text=&amp;url=https:\/\/www.zunoticia.com\/noticias-de-hidalgo\/2022\/05\/03\/pide-fdomez-libertad-para-higinio-bustos\/\" target=\"_top\" rel=\"nofollow\"><span class=\"icon\"><\/span><span class=\"text\">Tweet<\/span><\/a><div class=\"onoffswitch2 mash-large mashsb-noshadow\" style=\"display:none\"><\/div><\/div>\n            <\/div>\n                <div style=\"clear:both\"><\/div><div class=\"mashsb-toggle-container\"><\/div><\/aside>\n            <!-- Share buttons by mashshare.net - Version: 4.0.47-->\n<p><em>Por Enedino Hern\u00e1ndez\/Zunoticia<\/em><\/p>\n\n\n\n<p><strong>Huejutla, Hgo.-<\/strong> \u201cA un a\u00f1o de la detenci\u00f3n arbitraria e injusto encarcelamiento de Higinio Bustos Navarro, miembros del Frente Democr\u00e1tico Oriental de M\u00e9xico Emiliano Zapata (FDOMEZ) exigimos justicia para lo cual realizaremos diversas acciones de movilizaci\u00f3n en la zona norte de Veracruz\u201d.<br>A nombre de la organizaci\u00f3n campesina independiente, Mat\u00edas Flores, se\u00f1al\u00f3 lo anterior y agreg\u00f3 que fue el 3 de mayo de 2021 cuando fue detenido y encarcelado injustamente Higinio Bustos por el gobierno morenista de Veracruz, Cuitl\u00e1huac Garc\u00eda Jim\u00e9nez.<br>Expone que a un a\u00f1o de esta acci\u00f3n ilegal Higinio contin\u00faa preso en el CERESO de Tantoyuca, como reh\u00e9n pol\u00edtico, para tratar de detener la lucha organizada de forma independiente, \u201cobedece a una ofensiva represiva que el gobierno de la 4T implement\u00f3 en contra de la organizaci\u00f3n integrante del Frente Nacional de Lucha por el Socialismo \u2013FNLS- inmediatamente despu\u00e9s de su arribo a la presidencia federal; esta ofensiva fue objetivada mediante los gobiernos estatales de Chiapas, Michoac\u00e1n y Veracruz\u201d.<br>En el estado de Michoac\u00e1n, Leobardo Reyes Meza, a pesar de que fue preso injustamente por el gobierno perredista, el entrante identificado con las siglas del MORENA busc\u00f3 todas las formas para dictarle sentencia condenatoria.<br>Esta escalada represiva contin\u00faa en el estado de Veracruz con la detenci\u00f3n arbitraria de Higinio Bustos Navarro, el 3 de mayo de 2021. Todos estos casos tienen un com\u00fan denominador, fueron detenidos mediante la elaboraci\u00f3n de carpetas incriminatorias con argumentos fabricados.<br>Todo el a\u00f1o denunciamos la injusticia cometida contra el compa\u00f1ero Higinio, tambi\u00e9n exigimos su libertad incondicional con actividades pol\u00edticas, por lo tanto, cada instituci\u00f3n gubernamental, judicial y derechos humanos, tiene conocimiento del caso, sin embargo, ninguna ha mostrado inter\u00e9s para atender nuestra demanda de libertad inmediata e incondicional.<br>Afirma que al Juzgado Mixto de Primera Instancia le corresponde emitir una nueva resoluci\u00f3n y este debe ser de auto de formal libertad porque Higinio es inocente. \u201cNo obstante, esta instancia judicial puede ser el verdugo quien condene a nuestro compa\u00f1ero, as\u00ed como orden\u00f3 su detenci\u00f3n y dejarlo preso injustamente en el CERESO de Tantoyuca a pesar de las inconsistencias en la carpeta de investigaci\u00f3n\u201d.<\/p>\n","protected":false},"excerpt":{"rendered":"<p>Por Enedino Hern\u00e1ndez\/Zunoticia Huejutla, Hgo.- \u201cA un a\u00f1o de la detenci\u00f3n arbitraria e injusto encarcelamiento de Higinio Bustos Navarro, miembros del Frente Democr\u00e1tico Oriental de M\u00e9xico Emiliano Zapata (FDOMEZ) exigimos justicia para lo cual realizaremos diversas acciones de movilizaci\u00f3n en la zona norte de Veracruz\u201d.A nombre de la organizaci\u00f3n campesina independiente, Mat\u00edas Flores, se\u00f1al\u00f3 lo&hellip; <a class=\"more-link\" href=\"https:\/\/www.zunoticia.com\/noticias-de-hidalgo\/2022\/05\/03\/pide-fdomez-libertad-para-higinio-bustos\/\">Seguir leyendo <span class=\"screen-reader-text\">Pide FDOMEZ libertad para Higinio Bustos<\/span><\/a><\/p>\n","protected":false},"author":12,"featured_media":424055,"comment_status":"open","ping_status":"open","sticky":false,"template":"","format":"standard","meta":{"rop_custom_images_group":[],"rop_custom_messages_group":[],"rop_publish_now":"initial","rop_publish_now_accounts":{"facebook_10159540855086992_322828327761733":""},"rop_publish_now_history":[],"rop_publish_now_status":"pending","footnotes":""},"categories":[181],"tags":[121],"class_list":["post-424054","post","type-post","status-publish","format-standard","has-post-thumbnail","hentry","category-huejutla","tag-huejutla","entry"],"_links":{"self":[{"href":"https:\/\/www.zunoticia.com\/noticias-de-hidalgo\/wp-json\/wp\/v2\/posts\/424054","targetHints":{"allow":["GET"]}}],"collection":[{"href":"https:\/\/www.zunoticia.com\/noticias-de-hidalgo\/wp-json\/wp\/v2\/posts"}],"about":[{"href":"https:\/\/www.zunoticia.com\/noticias-de-hidalgo\/wp-json\/wp\/v2\/types\/post"}],"author":[{"embeddable":true,"href":"https:\/\/www.zunoticia.com\/noticias-de-hidalgo\/wp-json\/wp\/v2\/users\/12"}],"replies":[{"embeddable":true,"href":"https:\/\/www.zunoticia.com\/noticias-de-hidalgo\/wp-json\/wp\/v2\/comments?post=424054"}],"version-history":[{"count":1,"href":"https:\/\/www.zunoticia.com\/noticias-de-hidalgo\/wp-json\/wp\/v2\/posts\/424054\/revisions"}],"predecessor-version":[{"id":424056,"href":"https:\/\/www.zunoticia.com\/noticias-de-hidalgo\/wp-json\/wp\/v2\/posts\/424054\/revisions\/424056"}],"wp:featuredmedia":[{"embeddable":true,"href":"https:\/\/www.zunoticia.com\/noticias-de-hidalgo\/wp-json\/wp\/v2\/media\/424055"}],"wp:attachment":[{"href":"https:\/\/www.zunoticia.com\/noticias-de-hidalgo\/wp-json\/wp\/v2\/media?parent=424054"}],"wp:term":[{"taxonomy":"category","embeddable":true,"href":"https:\/\/www.zunoticia.com\/noticias-de-hidalgo\/wp-json\/wp\/v2\/categories?post=424054"},{"taxonomy":"post_tag","embeddable":true,"href":"https:\/\/www.zunoticia.com\/noticias-de-hidalgo\/wp-json\/wp\/v2\/tags?post=424054"}],"curies":[{"name":"wp","href":"https:\/\/api.w.org\/{rel}","templated":true}]}}