{"id":424865,"date":"2022-05-09T15:28:58","date_gmt":"2022-05-09T20:28:58","guid":{"rendered":"https:\/\/www.zunoticia.com\/noticias-de-hidalgo\/?p=424865"},"modified":"2022-05-09T15:29:00","modified_gmt":"2022-05-09T20:29:00","slug":"limitaran-acceso-al-panteon-municipal-este-10-de-mayo","status":"publish","type":"post","link":"https:\/\/www.zunoticia.com\/noticias-de-hidalgo\/2022\/05\/09\/limitaran-acceso-al-panteon-municipal-este-10-de-mayo\/","title":{"rendered":"Limitar\u00e1n acceso al pante\u00f3n municipal este 10 de mayo"},"content":{"rendered":"<aside class=\"mashsb-container mashsb-main mashsb-stretched\"><div class=\"mashsb-box\"><div class=\"mashsb-count mash-large\" style=\"float:left\"><div class=\"counts mashsbcount\">20<\/div><span class=\"mashsb-sharetext\">SHARES<\/span><\/div><div class=\"mashsb-buttons\"><a class=\"mashicon-facebook mash-large mash-center mashsb-noshadow\" href=\"https:\/\/www.facebook.com\/sharer.php?u=https%3A%2F%2Fwww.zunoticia.com%2Fnoticias-de-hidalgo%2F2022%2F05%2F09%2Flimitaran-acceso-al-panteon-municipal-este-10-de-mayo%2F\" target=\"_top\" rel=\"nofollow\"><span class=\"icon\"><\/span><span class=\"text\">Share<\/span><\/a><a class=\"mashicon-twitter mash-large mash-center mashsb-noshadow\" href=\"https:\/\/twitter.com\/intent\/tweet?text=&amp;url=https:\/\/www.zunoticia.com\/noticias-de-hidalgo\/2022\/05\/09\/limitaran-acceso-al-panteon-municipal-este-10-de-mayo\/\" target=\"_top\" rel=\"nofollow\"><span class=\"icon\"><\/span><span class=\"text\">Tweet<\/span><\/a><div class=\"onoffswitch2 mash-large mashsb-noshadow\" style=\"display:none\"><\/div><\/div>\n            <\/div>\n                <div style=\"clear:both\"><\/div><div class=\"mashsb-toggle-container\"><\/div><\/aside>\n            <!-- Share buttons by mashshare.net - Version: 4.0.47-->\n<p><em>Por Francisco Rosas\/Zunoticia<\/em><\/p>\n\n\n\n<p><strong>Huejutla, Hgo. &#8211; <\/strong>Este martes 10 de mayo, el acceso al pante\u00f3n municipal de esta ciudad ser\u00e1 limitado, ya que se reducir\u00e1 el n\u00famero de asistentes, quienes deber\u00e1n cumplir con las medidas sanitarias como es el uso del cubrebocas.<\/p>\n\n\n\n<p>Al respecto, Said Lara Medell\u00edn, responsable del pante\u00f3n municipal confirm\u00f3 que el cementerio permanecer\u00e1 abierto de 8:00 de la ma\u00f1ana a 6:00 de la tarde, s\u00f3lo se permitir\u00e1 el 75 % del cupo al interior y como parte de las medidas preventivas de salud, est\u00e1 prohibido llenar con agua los floreros, no se permitir\u00e1 introducir bebidas embriagantes.<\/p>\n\n\n\n<figure class=\"wp-block-image size-large\"><img fetchpriority=\"high\" decoding=\"async\" width=\"1024\" height=\"777\" src=\"https:\/\/www.zunoticia.com\/noticias-de-hidalgo\/wp-content\/uploads\/2022\/05\/WhatsApp-Image-2022-05-09-at-3.26.24-PM-1024x777.jpeg\" alt=\"\" class=\"wp-image-424867\" srcset=\"https:\/\/www.zunoticia.com\/noticias-de-hidalgo\/wp-content\/uploads\/2022\/05\/WhatsApp-Image-2022-05-09-at-3.26.24-PM-1024x777.jpeg 1024w, https:\/\/www.zunoticia.com\/noticias-de-hidalgo\/wp-content\/uploads\/2022\/05\/WhatsApp-Image-2022-05-09-at-3.26.24-PM-300x228.jpeg 300w, https:\/\/www.zunoticia.com\/noticias-de-hidalgo\/wp-content\/uploads\/2022\/05\/WhatsApp-Image-2022-05-09-at-3.26.24-PM-768x582.jpeg 768w, https:\/\/www.zunoticia.com\/noticias-de-hidalgo\/wp-content\/uploads\/2022\/05\/WhatsApp-Image-2022-05-09-at-3.26.24-PM.jpeg 1200w\" sizes=\"(max-width: 1024px) 100vw, 1024px\" \/><\/figure>\n\n\n\n<p>Asimismo, Lara Medell\u00edn dijo que, en la entrada del pante\u00f3n, se les aplicar\u00e1 gel antibacterial a las personas y a su vez se exhorta a la poblaci\u00f3n en general a depositar la basura en su lugar, toda vez que las instalaciones siempre est\u00e1n limpias por el constante mantenimiento que brinda el personal de esta \u00e1rea, puntualiz\u00f3.<\/p>\n","protected":false},"excerpt":{"rendered":"<p>Por Francisco Rosas\/Zunoticia Huejutla, Hgo. &#8211; Este martes 10 de mayo, el acceso al pante\u00f3n municipal de esta ciudad ser\u00e1 limitado, ya que se reducir\u00e1 el n\u00famero de asistentes, quienes deber\u00e1n cumplir con las medidas sanitarias como es el uso del cubrebocas. Al respecto, Said Lara Medell\u00edn, responsable del pante\u00f3n municipal confirm\u00f3 que el cementerio&hellip; <a class=\"more-link\" href=\"https:\/\/www.zunoticia.com\/noticias-de-hidalgo\/2022\/05\/09\/limitaran-acceso-al-panteon-municipal-este-10-de-mayo\/\">Seguir leyendo <span class=\"screen-reader-text\">Limitar\u00e1n acceso al pante\u00f3n municipal este 10 de mayo<\/span><\/a><\/p>\n","protected":false},"author":12,"featured_media":424866,"comment_status":"open","ping_status":"open","sticky":false,"template":"","format":"standard","meta":{"rop_custom_images_group":[],"rop_custom_messages_group":[],"rop_publish_now":"initial","rop_publish_now_accounts":{"facebook_10159540855086992_322828327761733":""},"rop_publish_now_history":[],"rop_publish_now_status":"pending","footnotes":""},"categories":[181],"tags":[121],"class_list":["post-424865","post","type-post","status-publish","format-standard","has-post-thumbnail","hentry","category-huejutla","tag-huejutla","entry"],"_links":{"self":[{"href":"https:\/\/www.zunoticia.com\/noticias-de-hidalgo\/wp-json\/wp\/v2\/posts\/424865","targetHints":{"allow":["GET"]}}],"collection":[{"href":"https:\/\/www.zunoticia.com\/noticias-de-hidalgo\/wp-json\/wp\/v2\/posts"}],"about":[{"href":"https:\/\/www.zunoticia.com\/noticias-de-hidalgo\/wp-json\/wp\/v2\/types\/post"}],"author":[{"embeddable":true,"href":"https:\/\/www.zunoticia.com\/noticias-de-hidalgo\/wp-json\/wp\/v2\/users\/12"}],"replies":[{"embeddable":true,"href":"https:\/\/www.zunoticia.com\/noticias-de-hidalgo\/wp-json\/wp\/v2\/comments?post=424865"}],"version-history":[{"count":1,"href":"https:\/\/www.zunoticia.com\/noticias-de-hidalgo\/wp-json\/wp\/v2\/posts\/424865\/revisions"}],"predecessor-version":[{"id":424868,"href":"https:\/\/www.zunoticia.com\/noticias-de-hidalgo\/wp-json\/wp\/v2\/posts\/424865\/revisions\/424868"}],"wp:featuredmedia":[{"embeddable":true,"href":"https:\/\/www.zunoticia.com\/noticias-de-hidalgo\/wp-json\/wp\/v2\/media\/424866"}],"wp:attachment":[{"href":"https:\/\/www.zunoticia.com\/noticias-de-hidalgo\/wp-json\/wp\/v2\/media?parent=424865"}],"wp:term":[{"taxonomy":"category","embeddable":true,"href":"https:\/\/www.zunoticia.com\/noticias-de-hidalgo\/wp-json\/wp\/v2\/categories?post=424865"},{"taxonomy":"post_tag","embeddable":true,"href":"https:\/\/www.zunoticia.com\/noticias-de-hidalgo\/wp-json\/wp\/v2\/tags?post=424865"}],"curies":[{"name":"wp","href":"https:\/\/api.w.org\/{rel}","templated":true}]}}