{"id":424890,"date":"2022-05-09T16:22:53","date_gmt":"2022-05-09T21:22:53","guid":{"rendered":"https:\/\/www.zunoticia.com\/noticias-de-hidalgo\/?p=424890"},"modified":"2022-05-09T16:22:55","modified_gmt":"2022-05-09T21:22:55","slug":"por-presunta-violencia-y-acoso-dos-hombres-asegurados-por-policia-estatal","status":"publish","type":"post","link":"https:\/\/www.zunoticia.com\/noticias-de-hidalgo\/2022\/05\/09\/por-presunta-violencia-y-acoso-dos-hombres-asegurados-por-policia-estatal\/","title":{"rendered":"Por presunta violencia y acoso, dos hombres asegurados por Polic\u00eda Estatal"},"content":{"rendered":"<aside class=\"mashsb-container mashsb-main mashsb-stretched\"><div class=\"mashsb-box\"><div class=\"mashsb-count mash-large\" style=\"float:left\"><div class=\"counts mashsbcount\">16<\/div><span class=\"mashsb-sharetext\">SHARES<\/span><\/div><div class=\"mashsb-buttons\"><a class=\"mashicon-facebook mash-large mash-center mashsb-noshadow\" href=\"https:\/\/www.facebook.com\/sharer.php?u=https%3A%2F%2Fwww.zunoticia.com%2Fnoticias-de-hidalgo%2F2022%2F05%2F09%2Fpor-presunta-violencia-y-acoso-dos-hombres-asegurados-por-policia-estatal%2F\" target=\"_top\" rel=\"nofollow\"><span class=\"icon\"><\/span><span class=\"text\">Share<\/span><\/a><a class=\"mashicon-twitter mash-large mash-center mashsb-noshadow\" href=\"https:\/\/twitter.com\/intent\/tweet?text=&amp;url=https:\/\/www.zunoticia.com\/noticias-de-hidalgo\/2022\/05\/09\/por-presunta-violencia-y-acoso-dos-hombres-asegurados-por-policia-estatal\/\" target=\"_top\" rel=\"nofollow\"><span class=\"icon\"><\/span><span class=\"text\">Tweet<\/span><\/a><div class=\"onoffswitch2 mash-large mashsb-noshadow\" style=\"display:none\"><\/div><\/div>\n            <\/div>\n                <div style=\"clear:both\"><\/div><div class=\"mashsb-toggle-container\"><\/div><\/aside>\n            <!-- Share buttons by mashshare.net - Version: 4.0.47-->\n<p><em>Por Redacci\u00f3n\/Zunoticia<\/em><\/p>\n\n\n\n<p><strong>Pachuca de Soto, Hgo. &#8211;<\/strong> La Secretar\u00eda de Seguridad P\u00fablica de Hidalgo, a trav\u00e9s de la Agencia de Seguridad Estatal, asegur\u00f3 en acciones distintas a dos individuos, uno por su presunta relaci\u00f3n en el acoso hacia una mujer, en tanto que otro por agresi\u00f3n f\u00edsica.<\/p>\n\n\n\n<p>Inicialmente, derivado de una llamada al C5i de Hidalgo, a trav\u00e9s del 911 de Emergencias, polic\u00edas estatales detuvieron a un individuo que se identific\u00f3 como I.M.C.M., de 29 a\u00f1os.<\/p>\n\n\n\n<figure class=\"wp-block-image size-full\"><img fetchpriority=\"high\" decoding=\"async\" width=\"780\" height=\"960\" src=\"https:\/\/www.zunoticia.com\/noticias-de-hidalgo\/wp-content\/uploads\/2022\/05\/WhatsApp-Image-2022-05-09-at-4.04.07-PM.jpeg\" alt=\"\" class=\"wp-image-424892\" srcset=\"https:\/\/www.zunoticia.com\/noticias-de-hidalgo\/wp-content\/uploads\/2022\/05\/WhatsApp-Image-2022-05-09-at-4.04.07-PM.jpeg 780w, https:\/\/www.zunoticia.com\/noticias-de-hidalgo\/wp-content\/uploads\/2022\/05\/WhatsApp-Image-2022-05-09-at-4.04.07-PM-244x300.jpeg 244w, https:\/\/www.zunoticia.com\/noticias-de-hidalgo\/wp-content\/uploads\/2022\/05\/WhatsApp-Image-2022-05-09-at-4.04.07-PM-768x945.jpeg 768w\" sizes=\"(max-width: 780px) 100vw, 780px\" \/><\/figure>\n\n\n\n<p>Lo anterior, luego de que un ciudadano se\u00f1al\u00f3 que su hija, de 17 a\u00f1os, fue presuntamente acosada por un vecino en la localidad de B\u00f3vedas, municipio de Atotonilco de Tula.<\/p>\n\n\n\n<p>En tanto, agentes estatales intervinieron en una situaci\u00f3n de violencia presuntamente registrada en un centro comercial ubicado en el bulevar Colosio de Pachuca.<\/p>\n\n\n\n<p>La detenci\u00f3n de quien dijo llamarse S.B.H., de 32 a\u00f1os, ocurri\u00f3 cuando polic\u00edas adscritos a la Unidad Especializada de Protecci\u00f3n, Prevenci\u00f3n y Atenci\u00f3n a la Violencia de G\u00e9nero (PPAViG), le detectaran agrediendo a una mujer.<\/p>\n\n\n\n<p>En ambos casos, las v\u00edctimas recibieron asistencia para llevar a cabo su proceso ante la autoridad competente, en tanto que los individuos fueron ingresados al \u00e1rea de retenci\u00f3n primaria de la Polic\u00eda Estatal y posteriormente a disposici\u00f3n de Ministerios P\u00fablicos para las investigaciones en consecuencia.<\/p>\n","protected":false},"excerpt":{"rendered":"<p>Por Redacci\u00f3n\/Zunoticia Pachuca de Soto, Hgo. &#8211; La Secretar\u00eda de Seguridad P\u00fablica de Hidalgo, a trav\u00e9s de la Agencia de Seguridad Estatal, asegur\u00f3 en acciones distintas a dos individuos, uno por su presunta relaci\u00f3n en el acoso hacia una mujer, en tanto que otro por agresi\u00f3n f\u00edsica. Inicialmente, derivado de una llamada al C5i de&hellip; <a class=\"more-link\" href=\"https:\/\/www.zunoticia.com\/noticias-de-hidalgo\/2022\/05\/09\/por-presunta-violencia-y-acoso-dos-hombres-asegurados-por-policia-estatal\/\">Seguir leyendo <span class=\"screen-reader-text\">Por presunta violencia y acoso, dos hombres asegurados por Polic\u00eda Estatal<\/span><\/a><\/p>\n","protected":false},"author":12,"featured_media":424891,"comment_status":"open","ping_status":"open","sticky":false,"template":"","format":"standard","meta":{"rop_custom_images_group":[],"rop_custom_messages_group":[],"rop_publish_now":"initial","rop_publish_now_accounts":{"facebook_10159540855086992_322828327761733":""},"rop_publish_now_history":[],"rop_publish_now_status":"pending","footnotes":""},"categories":[178],"tags":[214],"class_list":["post-424890","post","type-post","status-publish","format-standard","has-post-thumbnail","hentry","category-policiaca","tag-estado","entry"],"_links":{"self":[{"href":"https:\/\/www.zunoticia.com\/noticias-de-hidalgo\/wp-json\/wp\/v2\/posts\/424890","targetHints":{"allow":["GET"]}}],"collection":[{"href":"https:\/\/www.zunoticia.com\/noticias-de-hidalgo\/wp-json\/wp\/v2\/posts"}],"about":[{"href":"https:\/\/www.zunoticia.com\/noticias-de-hidalgo\/wp-json\/wp\/v2\/types\/post"}],"author":[{"embeddable":true,"href":"https:\/\/www.zunoticia.com\/noticias-de-hidalgo\/wp-json\/wp\/v2\/users\/12"}],"replies":[{"embeddable":true,"href":"https:\/\/www.zunoticia.com\/noticias-de-hidalgo\/wp-json\/wp\/v2\/comments?post=424890"}],"version-history":[{"count":1,"href":"https:\/\/www.zunoticia.com\/noticias-de-hidalgo\/wp-json\/wp\/v2\/posts\/424890\/revisions"}],"predecessor-version":[{"id":424893,"href":"https:\/\/www.zunoticia.com\/noticias-de-hidalgo\/wp-json\/wp\/v2\/posts\/424890\/revisions\/424893"}],"wp:featuredmedia":[{"embeddable":true,"href":"https:\/\/www.zunoticia.com\/noticias-de-hidalgo\/wp-json\/wp\/v2\/media\/424891"}],"wp:attachment":[{"href":"https:\/\/www.zunoticia.com\/noticias-de-hidalgo\/wp-json\/wp\/v2\/media?parent=424890"}],"wp:term":[{"taxonomy":"category","embeddable":true,"href":"https:\/\/www.zunoticia.com\/noticias-de-hidalgo\/wp-json\/wp\/v2\/categories?post=424890"},{"taxonomy":"post_tag","embeddable":true,"href":"https:\/\/www.zunoticia.com\/noticias-de-hidalgo\/wp-json\/wp\/v2\/tags?post=424890"}],"curies":[{"name":"wp","href":"https:\/\/api.w.org\/{rel}","templated":true}]}}