{"id":424914,"date":"2022-05-09T17:18:45","date_gmt":"2022-05-09T22:18:45","guid":{"rendered":"https:\/\/www.zunoticia.com\/noticias-de-hidalgo\/?p=424914"},"modified":"2022-05-09T17:18:47","modified_gmt":"2022-05-09T22:18:47","slug":"agricultores-combaten-plagas-en-cultivos-con-control-natural","status":"publish","type":"post","link":"https:\/\/www.zunoticia.com\/noticias-de-hidalgo\/2022\/05\/09\/agricultores-combaten-plagas-en-cultivos-con-control-natural\/","title":{"rendered":"Agricultores combaten plagas en cultivos con control natural"},"content":{"rendered":"<aside class=\"mashsb-container mashsb-main mashsb-stretched\"><div class=\"mashsb-box\"><div class=\"mashsb-count mash-large\" style=\"float:left\"><div class=\"counts mashsbcount\">5<\/div><span class=\"mashsb-sharetext\">SHARES<\/span><\/div><div class=\"mashsb-buttons\"><a class=\"mashicon-facebook mash-large mash-center mashsb-noshadow\" href=\"https:\/\/www.facebook.com\/sharer.php?u=https%3A%2F%2Fwww.zunoticia.com%2Fnoticias-de-hidalgo%2F2022%2F05%2F09%2Fagricultores-combaten-plagas-en-cultivos-con-control-natural%2F\" target=\"_top\" rel=\"nofollow\"><span class=\"icon\"><\/span><span class=\"text\">Share<\/span><\/a><a class=\"mashicon-twitter mash-large mash-center mashsb-noshadow\" href=\"https:\/\/twitter.com\/intent\/tweet?text=&amp;url=https:\/\/www.zunoticia.com\/noticias-de-hidalgo\/2022\/05\/09\/agricultores-combaten-plagas-en-cultivos-con-control-natural\/\" target=\"_top\" rel=\"nofollow\"><span class=\"icon\"><\/span><span class=\"text\">Tweet<\/span><\/a><div class=\"onoffswitch2 mash-large mashsb-noshadow\" style=\"display:none\"><\/div><\/div>\n            <\/div>\n                <div style=\"clear:both\"><\/div><div class=\"mashsb-toggle-container\"><\/div><\/aside>\n            <!-- Share buttons by mashshare.net - Version: 4.0.47-->\n<p><em>Por Roberto Meza\/Zunoticia<\/em><\/p>\n\n\n\n<p><strong>Huejutla, Hgo. &#8211;<\/strong> Margarito P\u00e9rez Petra, peque\u00f1o productor de ma\u00edz en la huasteca, dijo que actualmente muchos trabajadores del campo est\u00e1n ocupando productos naturales para combatir las plagas en sus cultivos, de esta manera se evita aplicar sustancias qu\u00edmicas que afectan el suelo y en general del medio ambiente.<\/p>\n\n\n\n<p>Dijo que, con el acompa\u00f1amiento t\u00e9cnico que reciben, hoy en d\u00eda tienen muy buena asesor\u00eda para bien de sus parcelas, por lo que uno de ello es lo referente al control de plagas, en donde se est\u00e1n aplicando el &#8220;apichi&#8221; un producto natural de innovaci\u00f3n por parte del INIFAP que se usa para el control de plagas, el cual est\u00e1 dando buenos resultados en los cultivos de ma\u00edz y dem\u00e1s.<\/p>\n\n\n\n<p>Coment\u00f3 que con esto ya no usan los plaguicidas que contaminan los suelos y la salud de la gente a trav\u00e9s de los productos comestibles, que con el tiempo puede producir muchas enfermedades cancer\u00edgenas, por lo que todo eso qued\u00f3 atr\u00e1s y hoy est\u00e1n aplicando un control natural, est\u00e1n teniendo una agricultura m\u00e1s sustentable y agroecol\u00f3gica, libres de t\u00f3xicos.<\/p>\n\n\n\n<p>Por lo que exhort\u00f3 a los dem\u00e1s agricultores para que ya no usen los plaguicidas, herbicidas y otros qu\u00edmicos que afectan la naturaleza, la humanidad y mejor apliquen lo natural.<\/p>\n","protected":false},"excerpt":{"rendered":"<p>Por Roberto Meza\/Zunoticia Huejutla, Hgo. &#8211; Margarito P\u00e9rez Petra, peque\u00f1o productor de ma\u00edz en la huasteca, dijo que actualmente muchos trabajadores del campo est\u00e1n ocupando productos naturales para combatir las plagas en sus cultivos, de esta manera se evita aplicar sustancias qu\u00edmicas que afectan el suelo y en general del medio ambiente. Dijo que, con&hellip; <a class=\"more-link\" href=\"https:\/\/www.zunoticia.com\/noticias-de-hidalgo\/2022\/05\/09\/agricultores-combaten-plagas-en-cultivos-con-control-natural\/\">Seguir leyendo <span class=\"screen-reader-text\">Agricultores combaten plagas en cultivos con control natural<\/span><\/a><\/p>\n","protected":false},"author":12,"featured_media":424915,"comment_status":"open","ping_status":"open","sticky":false,"template":"","format":"standard","meta":{"rop_custom_images_group":[],"rop_custom_messages_group":[],"rop_publish_now":"initial","rop_publish_now_accounts":{"facebook_10159540855086992_322828327761733":""},"rop_publish_now_history":[],"rop_publish_now_status":"pending","footnotes":""},"categories":[181],"tags":[121],"class_list":["post-424914","post","type-post","status-publish","format-standard","has-post-thumbnail","hentry","category-huejutla","tag-huejutla","entry"],"_links":{"self":[{"href":"https:\/\/www.zunoticia.com\/noticias-de-hidalgo\/wp-json\/wp\/v2\/posts\/424914","targetHints":{"allow":["GET"]}}],"collection":[{"href":"https:\/\/www.zunoticia.com\/noticias-de-hidalgo\/wp-json\/wp\/v2\/posts"}],"about":[{"href":"https:\/\/www.zunoticia.com\/noticias-de-hidalgo\/wp-json\/wp\/v2\/types\/post"}],"author":[{"embeddable":true,"href":"https:\/\/www.zunoticia.com\/noticias-de-hidalgo\/wp-json\/wp\/v2\/users\/12"}],"replies":[{"embeddable":true,"href":"https:\/\/www.zunoticia.com\/noticias-de-hidalgo\/wp-json\/wp\/v2\/comments?post=424914"}],"version-history":[{"count":1,"href":"https:\/\/www.zunoticia.com\/noticias-de-hidalgo\/wp-json\/wp\/v2\/posts\/424914\/revisions"}],"predecessor-version":[{"id":424916,"href":"https:\/\/www.zunoticia.com\/noticias-de-hidalgo\/wp-json\/wp\/v2\/posts\/424914\/revisions\/424916"}],"wp:featuredmedia":[{"embeddable":true,"href":"https:\/\/www.zunoticia.com\/noticias-de-hidalgo\/wp-json\/wp\/v2\/media\/424915"}],"wp:attachment":[{"href":"https:\/\/www.zunoticia.com\/noticias-de-hidalgo\/wp-json\/wp\/v2\/media?parent=424914"}],"wp:term":[{"taxonomy":"category","embeddable":true,"href":"https:\/\/www.zunoticia.com\/noticias-de-hidalgo\/wp-json\/wp\/v2\/categories?post=424914"},{"taxonomy":"post_tag","embeddable":true,"href":"https:\/\/www.zunoticia.com\/noticias-de-hidalgo\/wp-json\/wp\/v2\/tags?post=424914"}],"curies":[{"name":"wp","href":"https:\/\/api.w.org\/{rel}","templated":true}]}}