{"id":424972,"date":"2022-05-09T20:35:46","date_gmt":"2022-05-10T01:35:46","guid":{"rendered":"https:\/\/www.zunoticia.com\/noticias-de-hidalgo\/?p=424972"},"modified":"2022-05-09T20:35:47","modified_gmt":"2022-05-10T01:35:47","slug":"celebraron-dia-de-la-cruz-roja","status":"publish","type":"post","link":"https:\/\/www.zunoticia.com\/noticias-de-hidalgo\/2022\/05\/09\/celebraron-dia-de-la-cruz-roja\/","title":{"rendered":"Celebraron D\u00eda de la Cruz Roja"},"content":{"rendered":"<aside class=\"mashsb-container mashsb-main mashsb-stretched\"><div class=\"mashsb-box\"><div class=\"mashsb-count mash-large\" style=\"float:left\"><div class=\"counts mashsbcount\">45<\/div><span class=\"mashsb-sharetext\">SHARES<\/span><\/div><div class=\"mashsb-buttons\"><a class=\"mashicon-facebook mash-large mash-center mashsb-noshadow\" href=\"https:\/\/www.facebook.com\/sharer.php?u=https%3A%2F%2Fwww.zunoticia.com%2Fnoticias-de-hidalgo%2F2022%2F05%2F09%2Fcelebraron-dia-de-la-cruz-roja%2F\" target=\"_top\" rel=\"nofollow\"><span class=\"icon\"><\/span><span class=\"text\">Share<\/span><\/a><a class=\"mashicon-twitter mash-large mash-center mashsb-noshadow\" href=\"https:\/\/twitter.com\/intent\/tweet?text=&amp;url=https:\/\/www.zunoticia.com\/noticias-de-hidalgo\/2022\/05\/09\/celebraron-dia-de-la-cruz-roja\/\" target=\"_top\" rel=\"nofollow\"><span class=\"icon\"><\/span><span class=\"text\">Tweet<\/span><\/a><div class=\"onoffswitch2 mash-large mashsb-noshadow\" style=\"display:none\"><\/div><\/div>\n            <\/div>\n                <div style=\"clear:both\"><\/div><div class=\"mashsb-toggle-container\"><\/div><\/aside>\n            <!-- Share buttons by mashshare.net - Version: 4.0.47-->\n<p><em>Por Enedino Hern\u00e1ndez\/Zunoticia<\/em><\/p>\n\n\n\n<p><strong>Huejutla, Hgo.-<\/strong> El Coordinador Administrativo de Cruz Roja Mexicana en Huejutla de Reyes, Jos\u00e9 Luis Bautista, se\u00f1al\u00f3 que el domingo 8 de mayo se celebr\u00f3 el D\u00eda de la Cruz Roja, sin embargo; en Huejutla lo que se celebra normalmente a\u00f1o con a\u00f1o es el 24 de junio D\u00eda del Socorrista.<\/p>\n\n\n\n<p>Reconoci\u00f3 el trabajo que realiza todo el personal de la instituci\u00f3n al celebrarse el D\u00eda de la Cruz Roja, destacando que el 8 de mayo se celebra el D\u00eda de la Cruz Roja que es la red humanitaria m\u00e1s grande del mundo, con voluntarios que trabajan para proteger los derechos.<\/p>\n\n\n\n<p>Explic\u00f3 que la Cruz Roja, se trata de una red humanitaria que cuenta con empleados y voluntarios que desde las comunidades ayudan a las personas m\u00e1s necesitadas y vulnerables del mundo, aquellas que viven en pa\u00edses con pocos recursos sanitarios y econ\u00f3micos, las que han sufrido de primera mano alguna cat\u00e1strofe clim\u00e1tica o como consecuencia de guerras, refugiados y desplazados.<\/p>\n\n\n\n<p>Por otro lado, Jos\u00e9 Luis Bautista se\u00f1ala que en la Cruz Roja Mexicana en Huejutla se trabaja con normalidad durante las 24 horas del d\u00eda brindando la atenci\u00f3n en casos de urgencia y emergencia, cuando as\u00ed se requiere.<\/p>\n\n\n\n<p>Finalmente, reconoci\u00f3 que uno de los problemas que se enfrenta como instituci\u00f3n es que, durante los domingos, cuando se lleva a cabo el Tianguis Dominical pr\u00e1cticamente las ambulancias de la Cruz Roja quedan encerradas entre tantos comerciantes, mismos que en muchas de las ocasiones retrasan la salida de las unidades para atender los casos de urgencia y emergencia.<\/p>\n","protected":false},"excerpt":{"rendered":"<p>Por Enedino Hern\u00e1ndez\/Zunoticia Huejutla, Hgo.- El Coordinador Administrativo de Cruz Roja Mexicana en Huejutla de Reyes, Jos\u00e9 Luis Bautista, se\u00f1al\u00f3 que el domingo 8 de mayo se celebr\u00f3 el D\u00eda de la Cruz Roja, sin embargo; en Huejutla lo que se celebra normalmente a\u00f1o con a\u00f1o es el 24 de junio D\u00eda del Socorrista. Reconoci\u00f3&hellip; <a class=\"more-link\" href=\"https:\/\/www.zunoticia.com\/noticias-de-hidalgo\/2022\/05\/09\/celebraron-dia-de-la-cruz-roja\/\">Seguir leyendo <span class=\"screen-reader-text\">Celebraron D\u00eda de la Cruz Roja<\/span><\/a><\/p>\n","protected":false},"author":12,"featured_media":424960,"comment_status":"open","ping_status":"open","sticky":false,"template":"","format":"standard","meta":{"rop_custom_images_group":[],"rop_custom_messages_group":[],"rop_publish_now":"initial","rop_publish_now_accounts":{"facebook_10159540855086992_322828327761733":""},"rop_publish_now_history":[],"rop_publish_now_status":"pending","footnotes":""},"categories":[181],"tags":[121],"class_list":["post-424972","post","type-post","status-publish","format-standard","has-post-thumbnail","hentry","category-huejutla","tag-huejutla","entry"],"_links":{"self":[{"href":"https:\/\/www.zunoticia.com\/noticias-de-hidalgo\/wp-json\/wp\/v2\/posts\/424972","targetHints":{"allow":["GET"]}}],"collection":[{"href":"https:\/\/www.zunoticia.com\/noticias-de-hidalgo\/wp-json\/wp\/v2\/posts"}],"about":[{"href":"https:\/\/www.zunoticia.com\/noticias-de-hidalgo\/wp-json\/wp\/v2\/types\/post"}],"author":[{"embeddable":true,"href":"https:\/\/www.zunoticia.com\/noticias-de-hidalgo\/wp-json\/wp\/v2\/users\/12"}],"replies":[{"embeddable":true,"href":"https:\/\/www.zunoticia.com\/noticias-de-hidalgo\/wp-json\/wp\/v2\/comments?post=424972"}],"version-history":[{"count":1,"href":"https:\/\/www.zunoticia.com\/noticias-de-hidalgo\/wp-json\/wp\/v2\/posts\/424972\/revisions"}],"predecessor-version":[{"id":424973,"href":"https:\/\/www.zunoticia.com\/noticias-de-hidalgo\/wp-json\/wp\/v2\/posts\/424972\/revisions\/424973"}],"wp:featuredmedia":[{"embeddable":true,"href":"https:\/\/www.zunoticia.com\/noticias-de-hidalgo\/wp-json\/wp\/v2\/media\/424960"}],"wp:attachment":[{"href":"https:\/\/www.zunoticia.com\/noticias-de-hidalgo\/wp-json\/wp\/v2\/media?parent=424972"}],"wp:term":[{"taxonomy":"category","embeddable":true,"href":"https:\/\/www.zunoticia.com\/noticias-de-hidalgo\/wp-json\/wp\/v2\/categories?post=424972"},{"taxonomy":"post_tag","embeddable":true,"href":"https:\/\/www.zunoticia.com\/noticias-de-hidalgo\/wp-json\/wp\/v2\/tags?post=424972"}],"curies":[{"name":"wp","href":"https:\/\/api.w.org\/{rel}","templated":true}]}}