{"id":426216,"date":"2022-05-17T19:20:31","date_gmt":"2022-05-18T00:20:31","guid":{"rendered":"https:\/\/www.zunoticia.com\/noticias-de-hidalgo\/?p=426216"},"modified":"2022-05-17T19:20:33","modified_gmt":"2022-05-18T00:20:33","slug":"exhortan-a-la-poblacion-a-reciclar-residuos-inorganicos","status":"publish","type":"post","link":"https:\/\/www.zunoticia.com\/noticias-de-hidalgo\/2022\/05\/17\/exhortan-a-la-poblacion-a-reciclar-residuos-inorganicos\/","title":{"rendered":"Exhortan a la poblaci\u00f3n a reciclar residuos inorg\u00e1nicos"},"content":{"rendered":"<aside class=\"mashsb-container mashsb-main mashsb-stretched\"><div class=\"mashsb-box\"><div class=\"mashsb-count mash-large\" style=\"float:left\"><div class=\"counts mashsbcount\">1<\/div><span class=\"mashsb-sharetext\">SHARES<\/span><\/div><div class=\"mashsb-buttons\"><a class=\"mashicon-facebook mash-large mash-center mashsb-noshadow\" href=\"https:\/\/www.facebook.com\/sharer.php?u=https%3A%2F%2Fwww.zunoticia.com%2Fnoticias-de-hidalgo%2F2022%2F05%2F17%2Fexhortan-a-la-poblacion-a-reciclar-residuos-inorganicos%2F\" target=\"_top\" rel=\"nofollow\"><span class=\"icon\"><\/span><span class=\"text\">Share<\/span><\/a><a class=\"mashicon-twitter mash-large mash-center mashsb-noshadow\" href=\"https:\/\/twitter.com\/intent\/tweet?text=&amp;url=https:\/\/www.zunoticia.com\/noticias-de-hidalgo\/2022\/05\/17\/exhortan-a-la-poblacion-a-reciclar-residuos-inorganicos\/\" target=\"_top\" rel=\"nofollow\"><span class=\"icon\"><\/span><span class=\"text\">Tweet<\/span><\/a><div class=\"onoffswitch2 mash-large mashsb-noshadow\" style=\"display:none\"><\/div><\/div>\n            <\/div>\n                <div style=\"clear:both\"><\/div><div class=\"mashsb-toggle-container\"><\/div><\/aside>\n            <!-- Share buttons by mashshare.net - Version: 4.0.47-->\n<p><em>Por Francisco Rosas\/Zunoticia<\/em><\/p>\n\n\n\n<p><strong>Huejutla, Hgo.-<\/strong>&nbsp; En el marco del d\u00eda internacional del reciclaje, la direcci\u00f3n de Ecolog\u00eda en coordinaci\u00f3n con Medio Ambiente y Recursos Naturales, exhortan a la poblaci\u00f3n a participar en el reciclaje de residuos inorg\u00e1nicos.<\/p>\n\n\n\n<p>Las personas que deseen participar en el reciclaje y con ello el cuidado del medio ambiente, el centro de recolecci\u00f3n ser\u00e1 en las instalaciones del Parque Ecol\u00f3gico, en un horario de atenci\u00f3n de 9 de la ma\u00f1ana a 4 de la tarde.<\/p>\n\n\n\n<p>En el centro de acopio se recibir\u00e1 pet, cart\u00f3n, archivo, latas y tetra pack, mismos ser\u00e1n depositados en el \u00e1rea del vivero y de esta manera con el reciclaje, darles una segunda oportunidad a los residuos s\u00f3lidos.<\/p>\n","protected":false},"excerpt":{"rendered":"<p>Por Francisco Rosas\/Zunoticia Huejutla, Hgo.-&nbsp; En el marco del d\u00eda internacional del reciclaje, la direcci\u00f3n de Ecolog\u00eda en coordinaci\u00f3n con Medio Ambiente y Recursos Naturales, exhortan a la poblaci\u00f3n a participar en el reciclaje de residuos inorg\u00e1nicos. Las personas que deseen participar en el reciclaje y con ello el cuidado del medio ambiente, el centro&hellip; <a class=\"more-link\" href=\"https:\/\/www.zunoticia.com\/noticias-de-hidalgo\/2022\/05\/17\/exhortan-a-la-poblacion-a-reciclar-residuos-inorganicos\/\">Seguir leyendo <span class=\"screen-reader-text\">Exhortan a la poblaci\u00f3n a reciclar residuos inorg\u00e1nicos<\/span><\/a><\/p>\n","protected":false},"author":12,"featured_media":426221,"comment_status":"open","ping_status":"open","sticky":false,"template":"","format":"standard","meta":{"rop_custom_images_group":[],"rop_custom_messages_group":[],"rop_publish_now":"initial","rop_publish_now_accounts":{"facebook_10159540855086992_322828327761733":""},"rop_publish_now_history":[],"rop_publish_now_status":"pending","footnotes":""},"categories":[181],"tags":[121],"class_list":["post-426216","post","type-post","status-publish","format-standard","has-post-thumbnail","hentry","category-huejutla","tag-huejutla","entry"],"_links":{"self":[{"href":"https:\/\/www.zunoticia.com\/noticias-de-hidalgo\/wp-json\/wp\/v2\/posts\/426216","targetHints":{"allow":["GET"]}}],"collection":[{"href":"https:\/\/www.zunoticia.com\/noticias-de-hidalgo\/wp-json\/wp\/v2\/posts"}],"about":[{"href":"https:\/\/www.zunoticia.com\/noticias-de-hidalgo\/wp-json\/wp\/v2\/types\/post"}],"author":[{"embeddable":true,"href":"https:\/\/www.zunoticia.com\/noticias-de-hidalgo\/wp-json\/wp\/v2\/users\/12"}],"replies":[{"embeddable":true,"href":"https:\/\/www.zunoticia.com\/noticias-de-hidalgo\/wp-json\/wp\/v2\/comments?post=426216"}],"version-history":[{"count":1,"href":"https:\/\/www.zunoticia.com\/noticias-de-hidalgo\/wp-json\/wp\/v2\/posts\/426216\/revisions"}],"predecessor-version":[{"id":426225,"href":"https:\/\/www.zunoticia.com\/noticias-de-hidalgo\/wp-json\/wp\/v2\/posts\/426216\/revisions\/426225"}],"wp:featuredmedia":[{"embeddable":true,"href":"https:\/\/www.zunoticia.com\/noticias-de-hidalgo\/wp-json\/wp\/v2\/media\/426221"}],"wp:attachment":[{"href":"https:\/\/www.zunoticia.com\/noticias-de-hidalgo\/wp-json\/wp\/v2\/media?parent=426216"}],"wp:term":[{"taxonomy":"category","embeddable":true,"href":"https:\/\/www.zunoticia.com\/noticias-de-hidalgo\/wp-json\/wp\/v2\/categories?post=426216"},{"taxonomy":"post_tag","embeddable":true,"href":"https:\/\/www.zunoticia.com\/noticias-de-hidalgo\/wp-json\/wp\/v2\/tags?post=426216"}],"curies":[{"name":"wp","href":"https:\/\/api.w.org\/{rel}","templated":true}]}}