{"id":427124,"date":"2022-05-23T16:51:00","date_gmt":"2022-05-23T21:51:00","guid":{"rendered":"https:\/\/www.zunoticia.com\/noticias-de-hidalgo\/?p=427124"},"modified":"2022-05-23T16:51:03","modified_gmt":"2022-05-23T21:51:03","slug":"festejaron-el-dia-del-estudiante-en-escuelas","status":"publish","type":"post","link":"https:\/\/www.zunoticia.com\/noticias-de-hidalgo\/2022\/05\/23\/festejaron-el-dia-del-estudiante-en-escuelas\/","title":{"rendered":"Festejaron el d\u00eda del estudiante en escuelas"},"content":{"rendered":"<aside class=\"mashsb-container mashsb-main mashsb-stretched\"><div class=\"mashsb-box\"><div class=\"mashsb-count mash-large\" style=\"float:left\"><div class=\"counts mashsbcount\">15<\/div><span class=\"mashsb-sharetext\">SHARES<\/span><\/div><div class=\"mashsb-buttons\"><a class=\"mashicon-facebook mash-large mash-center mashsb-noshadow\" href=\"https:\/\/www.facebook.com\/sharer.php?u=https%3A%2F%2Fwww.zunoticia.com%2Fnoticias-de-hidalgo%2F2022%2F05%2F23%2Ffestejaron-el-dia-del-estudiante-en-escuelas%2F\" target=\"_top\" rel=\"nofollow\"><span class=\"icon\"><\/span><span class=\"text\">Share<\/span><\/a><a class=\"mashicon-twitter mash-large mash-center mashsb-noshadow\" href=\"https:\/\/twitter.com\/intent\/tweet?text=&amp;url=https:\/\/www.zunoticia.com\/noticias-de-hidalgo\/2022\/05\/23\/festejaron-el-dia-del-estudiante-en-escuelas\/\" target=\"_top\" rel=\"nofollow\"><span class=\"icon\"><\/span><span class=\"text\">Tweet<\/span><\/a><div class=\"onoffswitch2 mash-large mashsb-noshadow\" style=\"display:none\"><\/div><\/div>\n            <\/div>\n                <div style=\"clear:both\"><\/div><div class=\"mashsb-toggle-container\"><\/div><\/aside>\n            <!-- Share buttons by mashshare.net - Version: 4.0.47-->\n<p><em>Por Roberto Meza\/Zunoticia<\/em><\/p>\n\n\n\n<p><strong>Yahualica, Hgo. &#8211; <\/strong>Personal del \u00e1rea de Educaci\u00f3n, expres\u00f3 que en las diversas escuelas de este municipio hubo festejos del d\u00eda del estudiante, para ello el ayuntamiento brind\u00f3 los apoyos para instituciones de la cabecera como de las comunidades.<\/p>\n\n\n\n<p>Explicaron que, es una fecha muy importante al conmemorarse el d\u00eda del estudiante, por eso el alcalde dispuso de todos los apoyos para ser entregados a trav\u00e9s de los comit\u00e9s de padres de familia o los directivos, a fin de que a los alumnos se les entregara alg\u00fan presente en este su d\u00eda y as\u00ed reconocerles ese esfuerzo y empe\u00f1o en sus escuelas.<\/p>\n\n\n\n<p>Por \u00faltimo, manifestaron que, seguir\u00e1n trabajando de manera coordinada con todas las escuelas de este municipio para el bien de la educaci\u00f3n de los ni\u00f1os y j\u00f3venes de Yahualica, ya que para el alcalde es una prioridad el tema educativo en su gobierno.<\/p>\n","protected":false},"excerpt":{"rendered":"<p>Por Roberto Meza\/Zunoticia Yahualica, Hgo. &#8211; Personal del \u00e1rea de Educaci\u00f3n, expres\u00f3 que en las diversas escuelas de este municipio hubo festejos del d\u00eda del estudiante, para ello el ayuntamiento brind\u00f3 los apoyos para instituciones de la cabecera como de las comunidades. Explicaron que, es una fecha muy importante al conmemorarse el d\u00eda del estudiante,&hellip; <a class=\"more-link\" href=\"https:\/\/www.zunoticia.com\/noticias-de-hidalgo\/2022\/05\/23\/festejaron-el-dia-del-estudiante-en-escuelas\/\">Seguir leyendo <span class=\"screen-reader-text\">Festejaron el d\u00eda del estudiante en escuelas<\/span><\/a><\/p>\n","protected":false},"author":12,"featured_media":427125,"comment_status":"open","ping_status":"open","sticky":false,"template":"","format":"standard","meta":{"rop_custom_images_group":[],"rop_custom_messages_group":[],"rop_publish_now":"initial","rop_publish_now_accounts":{"facebook_10159540855086992_322828327761733":""},"rop_publish_now_history":[],"rop_publish_now_status":"pending","footnotes":""},"categories":[179,203],"tags":[123],"class_list":["post-427124","post","type-post","status-publish","format-standard","has-post-thumbnail","hentry","category-huasteca","category-yahualica","tag-yahualica","entry"],"_links":{"self":[{"href":"https:\/\/www.zunoticia.com\/noticias-de-hidalgo\/wp-json\/wp\/v2\/posts\/427124","targetHints":{"allow":["GET"]}}],"collection":[{"href":"https:\/\/www.zunoticia.com\/noticias-de-hidalgo\/wp-json\/wp\/v2\/posts"}],"about":[{"href":"https:\/\/www.zunoticia.com\/noticias-de-hidalgo\/wp-json\/wp\/v2\/types\/post"}],"author":[{"embeddable":true,"href":"https:\/\/www.zunoticia.com\/noticias-de-hidalgo\/wp-json\/wp\/v2\/users\/12"}],"replies":[{"embeddable":true,"href":"https:\/\/www.zunoticia.com\/noticias-de-hidalgo\/wp-json\/wp\/v2\/comments?post=427124"}],"version-history":[{"count":1,"href":"https:\/\/www.zunoticia.com\/noticias-de-hidalgo\/wp-json\/wp\/v2\/posts\/427124\/revisions"}],"predecessor-version":[{"id":427126,"href":"https:\/\/www.zunoticia.com\/noticias-de-hidalgo\/wp-json\/wp\/v2\/posts\/427124\/revisions\/427126"}],"wp:featuredmedia":[{"embeddable":true,"href":"https:\/\/www.zunoticia.com\/noticias-de-hidalgo\/wp-json\/wp\/v2\/media\/427125"}],"wp:attachment":[{"href":"https:\/\/www.zunoticia.com\/noticias-de-hidalgo\/wp-json\/wp\/v2\/media?parent=427124"}],"wp:term":[{"taxonomy":"category","embeddable":true,"href":"https:\/\/www.zunoticia.com\/noticias-de-hidalgo\/wp-json\/wp\/v2\/categories?post=427124"},{"taxonomy":"post_tag","embeddable":true,"href":"https:\/\/www.zunoticia.com\/noticias-de-hidalgo\/wp-json\/wp\/v2\/tags?post=427124"}],"curies":[{"name":"wp","href":"https:\/\/api.w.org\/{rel}","templated":true}]}}