{"id":428355,"date":"2022-06-01T22:28:51","date_gmt":"2022-06-02T03:28:51","guid":{"rendered":"https:\/\/www.zunoticia.com\/noticias-de-hidalgo\/?p=428355"},"modified":"2022-06-01T22:28:53","modified_gmt":"2022-06-02T03:28:53","slug":"proteccion-civil-llama-a-tomar-medidas-preventivas-por-temporada-de-lluvias","status":"publish","type":"post","link":"https:\/\/www.zunoticia.com\/noticias-de-hidalgo\/2022\/06\/01\/proteccion-civil-llama-a-tomar-medidas-preventivas-por-temporada-de-lluvias\/","title":{"rendered":"Protecci\u00f3n Civil llama a tomar medidas preventivas por temporada de lluvias"},"content":{"rendered":"<aside class=\"mashsb-container mashsb-main mashsb-stretched\"><div class=\"mashsb-box\"><div class=\"mashsb-count mash-large\" style=\"float:left\"><div class=\"counts mashsbcount\">40<\/div><span class=\"mashsb-sharetext\">SHARES<\/span><\/div><div class=\"mashsb-buttons\"><a class=\"mashicon-facebook mash-large mash-center mashsb-noshadow\" href=\"https:\/\/www.facebook.com\/sharer.php?u=https%3A%2F%2Fwww.zunoticia.com%2Fnoticias-de-hidalgo%2F2022%2F06%2F01%2Fproteccion-civil-llama-a-tomar-medidas-preventivas-por-temporada-de-lluvias%2F\" target=\"_top\" rel=\"nofollow\"><span class=\"icon\"><\/span><span class=\"text\">Share<\/span><\/a><a class=\"mashicon-twitter mash-large mash-center mashsb-noshadow\" href=\"https:\/\/twitter.com\/intent\/tweet?text=&amp;url=https:\/\/www.zunoticia.com\/noticias-de-hidalgo\/2022\/06\/01\/proteccion-civil-llama-a-tomar-medidas-preventivas-por-temporada-de-lluvias\/\" target=\"_top\" rel=\"nofollow\"><span class=\"icon\"><\/span><span class=\"text\">Tweet<\/span><\/a><div class=\"onoffswitch2 mash-large mashsb-noshadow\" style=\"display:none\"><\/div><\/div>\n            <\/div>\n                <div style=\"clear:both\"><\/div><div class=\"mashsb-toggle-container\"><\/div><\/aside>\n            <!-- Share buttons by mashshare.net - Version: 4.0.47-->\n<p><em>Por \u00c1ngel Silverio\/Zunoticia<\/em><\/p>\n\n\n\n<p><strong>Jaltoc\u00e1n, Hgo. &#8211;<\/strong> Ante la posibilidad de lluvias que se tienen pronosticadas para los pr\u00f3ximos d\u00edas, el departamento de Protecci\u00f3n Civil hizo el llamado a extremar medidas de prevenci\u00f3n, as\u00ed como tambi\u00e9n siguen insistiendo en evitar la quema agr\u00edcola.<\/p>\n\n\n\n<p>El responsable de Protecci\u00f3n Civil, V\u00edctor Herlindo Miranda, dijo que de acuerdo con el reporte meteorol\u00f3gico, se tiene previsto que se presenten lluvias en los pr\u00f3ximos d\u00edas, pues a partir de este primero de junio se da inicio a la temporada de huracanes, por eso recomend\u00f3 a quienes cuenten con viviendas de madera o con techos de l\u00e1mina las aseguren muy bien ya que vendr\u00e1n acompa\u00f1adas de fuertes rachas de viento.<\/p>\n\n\n\n<p>&#8220;Debemos de ir tomando medidas de prevenci\u00f3n, el clima puede variar, y el pron\u00f3stico puede fallar, por eso, aunque tengamos d\u00edas soleados no debemos confiarnos, hay que asegurar bien las viviendas, las ventas, los tinacos, los techos de l\u00e1minas, y tambi\u00e9n si es necesario desramar un \u00e1rbol, que nos hagan la notificaci\u00f3n&#8221; indic\u00f3.<\/p>\n\n\n\n<p>Cabe mencionar que es necesario tomar en cuenta las recomendaciones, pero adem\u00e1s se debe continuar con la prevenci\u00f3n de incendios y no realizar la quema de pastizales, para evitar alguna situaci\u00f3n de riesgo.<\/p>\n","protected":false},"excerpt":{"rendered":"<p>Por \u00c1ngel Silverio\/Zunoticia Jaltoc\u00e1n, Hgo. &#8211; Ante la posibilidad de lluvias que se tienen pronosticadas para los pr\u00f3ximos d\u00edas, el departamento de Protecci\u00f3n Civil hizo el llamado a extremar medidas de prevenci\u00f3n, as\u00ed como tambi\u00e9n siguen insistiendo en evitar la quema agr\u00edcola. El responsable de Protecci\u00f3n Civil, V\u00edctor Herlindo Miranda, dijo que de acuerdo con&hellip; <a class=\"more-link\" href=\"https:\/\/www.zunoticia.com\/noticias-de-hidalgo\/2022\/06\/01\/proteccion-civil-llama-a-tomar-medidas-preventivas-por-temporada-de-lluvias\/\">Seguir leyendo <span class=\"screen-reader-text\">Protecci\u00f3n Civil llama a tomar medidas preventivas por temporada de lluvias<\/span><\/a><\/p>\n","protected":false},"author":12,"featured_media":428328,"comment_status":"open","ping_status":"open","sticky":false,"template":"","format":"standard","meta":{"rop_custom_images_group":[],"rop_custom_messages_group":[],"rop_publish_now":"initial","rop_publish_now_accounts":{"facebook_10159540855086992_322828327761733":""},"rop_publish_now_history":[],"rop_publish_now_status":"pending","footnotes":""},"categories":[179,200],"tags":[131],"class_list":["post-428355","post","type-post","status-publish","format-standard","has-post-thumbnail","hentry","category-huasteca","category-jaltocan","tag-jaltocan","entry"],"_links":{"self":[{"href":"https:\/\/www.zunoticia.com\/noticias-de-hidalgo\/wp-json\/wp\/v2\/posts\/428355","targetHints":{"allow":["GET"]}}],"collection":[{"href":"https:\/\/www.zunoticia.com\/noticias-de-hidalgo\/wp-json\/wp\/v2\/posts"}],"about":[{"href":"https:\/\/www.zunoticia.com\/noticias-de-hidalgo\/wp-json\/wp\/v2\/types\/post"}],"author":[{"embeddable":true,"href":"https:\/\/www.zunoticia.com\/noticias-de-hidalgo\/wp-json\/wp\/v2\/users\/12"}],"replies":[{"embeddable":true,"href":"https:\/\/www.zunoticia.com\/noticias-de-hidalgo\/wp-json\/wp\/v2\/comments?post=428355"}],"version-history":[{"count":1,"href":"https:\/\/www.zunoticia.com\/noticias-de-hidalgo\/wp-json\/wp\/v2\/posts\/428355\/revisions"}],"predecessor-version":[{"id":428356,"href":"https:\/\/www.zunoticia.com\/noticias-de-hidalgo\/wp-json\/wp\/v2\/posts\/428355\/revisions\/428356"}],"wp:featuredmedia":[{"embeddable":true,"href":"https:\/\/www.zunoticia.com\/noticias-de-hidalgo\/wp-json\/wp\/v2\/media\/428328"}],"wp:attachment":[{"href":"https:\/\/www.zunoticia.com\/noticias-de-hidalgo\/wp-json\/wp\/v2\/media?parent=428355"}],"wp:term":[{"taxonomy":"category","embeddable":true,"href":"https:\/\/www.zunoticia.com\/noticias-de-hidalgo\/wp-json\/wp\/v2\/categories?post=428355"},{"taxonomy":"post_tag","embeddable":true,"href":"https:\/\/www.zunoticia.com\/noticias-de-hidalgo\/wp-json\/wp\/v2\/tags?post=428355"}],"curies":[{"name":"wp","href":"https:\/\/api.w.org\/{rel}","templated":true}]}}