{"id":428511,"date":"2022-06-02T21:48:09","date_gmt":"2022-06-03T02:48:09","guid":{"rendered":"https:\/\/www.zunoticia.com\/noticias-de-hidalgo\/?p=428511"},"modified":"2022-06-02T21:48:11","modified_gmt":"2022-06-03T02:48:11","slug":"espejeando-por-perseo-307","status":"publish","type":"post","link":"https:\/\/www.zunoticia.com\/noticias-de-hidalgo\/2022\/06\/02\/espejeando-por-perseo-307\/","title":{"rendered":"ESPEJEANDO por Perseo"},"content":{"rendered":"<aside class=\"mashsb-container mashsb-main mashsb-stretched\"><div class=\"mashsb-box\"><div class=\"mashsb-count mash-large\" style=\"float:left\"><div class=\"counts mashsbcount\">29<\/div><span class=\"mashsb-sharetext\">SHARES<\/span><\/div><div class=\"mashsb-buttons\"><a class=\"mashicon-facebook mash-large mash-center mashsb-noshadow\" href=\"https:\/\/www.facebook.com\/sharer.php?u=https%3A%2F%2Fwww.zunoticia.com%2Fnoticias-de-hidalgo%2F2022%2F06%2F02%2Fespejeando-por-perseo-307%2F\" target=\"_top\" rel=\"nofollow\"><span class=\"icon\"><\/span><span class=\"text\">Share<\/span><\/a><a class=\"mashicon-twitter mash-large mash-center mashsb-noshadow\" href=\"https:\/\/twitter.com\/intent\/tweet?text=&amp;url=https:\/\/www.zunoticia.com\/noticias-de-hidalgo\/2022\/06\/02\/espejeando-por-perseo-307\/\" target=\"_top\" rel=\"nofollow\"><span class=\"icon\"><\/span><span class=\"text\">Tweet<\/span><\/a><div class=\"onoffswitch2 mash-large mashsb-noshadow\" style=\"display:none\"><\/div><\/div>\n            <\/div>\n                <div style=\"clear:both\"><\/div><div class=\"mashsb-toggle-container\"><\/div><\/aside>\n            <!-- Share buttons by mashshare.net - Version: 4.0.47-->\n<p>\u00bfC\u00f3mo le entramos los ciudadanos a resolver los problemas de Huejutla? Por supuesto el tema de la basura, el congestionamiento vial por rampas de taxis, microbuses y combis, adem\u00e1s del comercio informal. El tema del agua potable, alumbrado p\u00fablico eficiente en diferentes zonas de la ciudad, parques, jardines o espacios p\u00fablicos limpios; estas tareas nos convocan a todos y a todas en Huejutla.<\/p>\n\n\n\n<p>Tenemos problemas, comencemos por lo m\u00e1s elemental \u00bfqu\u00e9 tanto quieres a Huejutla? Hay que preguntarse una y otra vez, si est\u00e1s dispuesto a criticar deficiencias la pregunta es \u00bfqu\u00e9 hacemos como sociedad para comenzar a caminar con lo que tenemos para resolver de fondo los problemas? Est\u00e1 claro que somos campeones en adaptaros a la tecnolog\u00eda y desde ah\u00ed criticar lo que no nos parece, lo que desde luego, tenemos esa libertad, aunque a veces afecta, pero a partir de ah\u00ed \u00bfcu\u00e1l es la propuesta ciudadana para resolver los problemas?<\/p>\n\n\n\n<p>Seamos campeones tambi\u00e9n en comenzar a incursionar en pro de nuestro entorno, es aceptar que si somos cr\u00edticos comencemos a construir mediante la cr\u00edtica, que los niveles de gobierno se involucren con la sociedad y se comience a caminar positivamente, que la comunidad opine, que los sectores propongan, es positivo criticar para construir, para caminar en las soluciones de los problemas comunes.<\/p>\n\n\n\n<p>Tenemos problemas graves en Huejutla, en los que no puede la sociedad esperar a que s\u00f3lo sean las autoridades de los diferentes niveles de gobierno los que resuelvan los problemas, la agenda p\u00fablica debe marcarla la sociedad, el gobierno municipal, estatal y federal tienen su propia agenda, los ciudadanos deben comenzar a caminar organizados para encontrar primero el punto de equilibrio en el que se entienda que lo que vivimos si bien es una acci\u00f3n municipalista, la sociedad no puede ser ajena a estos problemas, pero m\u00e1s all\u00e1 de eso, las soluciones.<\/p>\n\n\n\n<p>Si bien todo mundo est\u00e1 inmerso en las elecciones del pr\u00f3ximo domingo, no deje de ver la ruta de necesidades y la puerta de soluciones que debemos asumir los ciudadanos; poder construir no es sencillo, destruir es lo m\u00e1s f\u00e1cil y la politiquer\u00eda termina en eso, destruyendo, pero nadie propone construir, por supuesto partiendo desde la cr\u00edtica o auto cr\u00edtica, la participaci\u00f3n social, la actividad c\u00edvica.<\/p>\n\n\n\n<p>La ruta de socializar los problemas para resolverlos no es nueva, sobre todo cuando solo hemos tenido la sociedad equivocadas respuestas en temas torales, en las que solo somos receptivos del impacto negativo, pero no del beneficio colectivo, ante esto debemos ir considerando la f\u00f3rmula de encontrarles sentido a las necesidades que tenemos como sociedad \u2026\u2026\u2026\u2026\u2026. Por otro lado estamos en temporada de Huracanes, no deje de informarse sobre estos temas, Oaxaca ya tuvo el impacto del hurac\u00e1n Agatha que dej\u00f3 12 desaparecidos, lesionados y cuantiosos da\u00f1os; y ya se forma Alex, otro hurac\u00e1n que no podemos dejar de ver que est\u00e1 en la pen\u00ednsula de Yucat\u00e1n; estos fen\u00f3menos meterol\u00f3gicos que deben tener puntual seguimiento para que las autoridades de Protecci\u00f3n Civil est\u00e9n atentas, pues basura y agua ya sabemos que nos puede provocar inundaciones.<\/p>\n\n\n\n<p>No queremos que se repita alg\u00fan suceso funesto del pasado, que podamos tener la capacidad de reacci\u00f3n, que la integridad de los ciudadanos est\u00e9 a salvo, esa es la tarea de las autoridades, por eso deben irse organizando con tiempo, estar a la expectativa y atentos&nbsp; por que se ha modificado el esquema de actividad en estos fen\u00f3menos que en algunos lugares han&nbsp; sorprendido, y no deber\u00eda &nbsp;existir p\u00e9rdida de vidas humanas, esa es la obligaci\u00f3n de las autoridades y que los ciudadanos estemos atentos.<\/p>\n\n\n\n<p>Las zonas bajas de los r\u00edos, a pesar de que est\u00e1n bajos o sin agua, esto ya lo sabemos, cu\u00e1ndo se viene la lluvia intensa y de inmediato toman cause, por eso nuestras autoridades de la federaci\u00f3n, estado y municipios deben estar coordinados con suficiente tiempo para evitar sorpresas \u2026\u2026\u2026\u2026\u2026 Se dispar\u00f3 el precio del aguacate Hass, hasta 130 pesos el kilo como precio hist\u00f3rico, lo que implica que muchos ciudadanos no tengan acceso a este alimento b\u00e1sico de nuestros pueblos originarios, sin duda una dif\u00edcil situaci\u00f3n por la que se atraviesa saliendo de pandemia de COVID 19 \u2026\u2026\u2026\u2026\u2026 Se quejan los transportistas de que el ambulantaje les comienza a provocar problemas, los ciudadanos nos quejamos que las rampas del transporte y el ambulantaje son un problema y as\u00ed sucesivamente la cadena de problemas, que los taxis no cumplen con lo que exige la ley para operar y que en algunos muebles no se entiende c\u00f3mo es que estas unidades pasan la revista anual si andan apenas con mecates sosteniendo sus puertas, facias y humeando a m\u00e1s no poder, lamentable la situaci\u00f3n.\u00a0\u00a0<\/p>\n","protected":false},"excerpt":{"rendered":"<p>\u00bfC\u00f3mo le entramos los ciudadanos a resolver los problemas de Huejutla? Por supuesto el tema de la basura, el congestionamiento vial por rampas de taxis, microbuses y combis, adem\u00e1s del comercio informal. El tema del agua potable, alumbrado p\u00fablico eficiente en diferentes zonas de la ciudad, parques, jardines o espacios p\u00fablicos limpios; estas tareas nos&hellip; <a class=\"more-link\" href=\"https:\/\/www.zunoticia.com\/noticias-de-hidalgo\/2022\/06\/02\/espejeando-por-perseo-307\/\">Seguir leyendo <span class=\"screen-reader-text\">ESPEJEANDO por Perseo<\/span><\/a><\/p>\n","protected":false},"author":12,"featured_media":428512,"comment_status":"open","ping_status":"open","sticky":false,"template":"","format":"standard","meta":{"rop_custom_images_group":[],"rop_custom_messages_group":[],"rop_publish_now":"initial","rop_publish_now_accounts":{"facebook_10159540855086992_322828327761733":""},"rop_publish_now_history":[],"rop_publish_now_status":"pending","footnotes":""},"categories":[176],"tags":[205],"class_list":["post-428511","post","type-post","status-publish","format-standard","has-post-thumbnail","hentry","category-espejeando","tag-espejeando","entry"],"_links":{"self":[{"href":"https:\/\/www.zunoticia.com\/noticias-de-hidalgo\/wp-json\/wp\/v2\/posts\/428511","targetHints":{"allow":["GET"]}}],"collection":[{"href":"https:\/\/www.zunoticia.com\/noticias-de-hidalgo\/wp-json\/wp\/v2\/posts"}],"about":[{"href":"https:\/\/www.zunoticia.com\/noticias-de-hidalgo\/wp-json\/wp\/v2\/types\/post"}],"author":[{"embeddable":true,"href":"https:\/\/www.zunoticia.com\/noticias-de-hidalgo\/wp-json\/wp\/v2\/users\/12"}],"replies":[{"embeddable":true,"href":"https:\/\/www.zunoticia.com\/noticias-de-hidalgo\/wp-json\/wp\/v2\/comments?post=428511"}],"version-history":[{"count":1,"href":"https:\/\/www.zunoticia.com\/noticias-de-hidalgo\/wp-json\/wp\/v2\/posts\/428511\/revisions"}],"predecessor-version":[{"id":428513,"href":"https:\/\/www.zunoticia.com\/noticias-de-hidalgo\/wp-json\/wp\/v2\/posts\/428511\/revisions\/428513"}],"wp:featuredmedia":[{"embeddable":true,"href":"https:\/\/www.zunoticia.com\/noticias-de-hidalgo\/wp-json\/wp\/v2\/media\/428512"}],"wp:attachment":[{"href":"https:\/\/www.zunoticia.com\/noticias-de-hidalgo\/wp-json\/wp\/v2\/media?parent=428511"}],"wp:term":[{"taxonomy":"category","embeddable":true,"href":"https:\/\/www.zunoticia.com\/noticias-de-hidalgo\/wp-json\/wp\/v2\/categories?post=428511"},{"taxonomy":"post_tag","embeddable":true,"href":"https:\/\/www.zunoticia.com\/noticias-de-hidalgo\/wp-json\/wp\/v2\/tags?post=428511"}],"curies":[{"name":"wp","href":"https:\/\/api.w.org\/{rel}","templated":true}]}}