{"id":429125,"date":"2022-06-07T17:58:23","date_gmt":"2022-06-07T22:58:23","guid":{"rendered":"https:\/\/www.zunoticia.com\/noticias-de-hidalgo\/?p=429125"},"modified":"2022-06-07T18:14:32","modified_gmt":"2022-06-07T23:14:32","slug":"alumno-de-primaria-indigenavpone-en-alto-a-jaltocan","status":"publish","type":"post","link":"https:\/\/www.zunoticia.com\/noticias-de-hidalgo\/2022\/06\/07\/alumno-de-primaria-indigenavpone-en-alto-a-jaltocan\/","title":{"rendered":"Alumno de primaria Ind\u00edgena pone en alto a Jaltoc\u00e1n"},"content":{"rendered":"<aside class=\"mashsb-container mashsb-main mashsb-stretched\"><div class=\"mashsb-box\"><div class=\"mashsb-count mash-large\" style=\"float:left\"><div class=\"counts mashsbcount\">49<\/div><span class=\"mashsb-sharetext\">SHARES<\/span><\/div><div class=\"mashsb-buttons\"><a class=\"mashicon-facebook mash-large mash-center mashsb-noshadow\" href=\"https:\/\/www.facebook.com\/sharer.php?u=https%3A%2F%2Fwww.zunoticia.com%2Fnoticias-de-hidalgo%2F2022%2F06%2F07%2Falumno-de-primaria-indigenavpone-en-alto-a-jaltocan%2F\" target=\"_top\" rel=\"nofollow\"><span class=\"icon\"><\/span><span class=\"text\">Share<\/span><\/a><a class=\"mashicon-twitter mash-large mash-center mashsb-noshadow\" href=\"https:\/\/twitter.com\/intent\/tweet?text=&amp;url=https:\/\/www.zunoticia.com\/noticias-de-hidalgo\/2022\/06\/07\/alumno-de-primaria-indigenavpone-en-alto-a-jaltocan\/\" target=\"_top\" rel=\"nofollow\"><span class=\"icon\"><\/span><span class=\"text\">Tweet<\/span><\/a><div class=\"onoffswitch2 mash-large mashsb-noshadow\" style=\"display:none\"><\/div><\/div>\n            <\/div>\n                <div style=\"clear:both\"><\/div><div class=\"mashsb-toggle-container\"><\/div><\/aside>\n            <!-- Share buttons by mashshare.net - Version: 4.0.47-->\n<p><em>Por \u00c1ngel Silverio\/Zunoticia<\/em><\/p>\n\n\n\n<p><strong>Jaltoc\u00e1n, Hgo. &#8211;<\/strong> \u201cEn el marco del concurso Olimpiada del Conocimiento Infantil 2022, un alumno de la escuela primaria ind\u00edgena \u201cVicente Guerrero\u201d, fue seleccionado para participar en la siguiente etapa que habr\u00e1 de realizarse en el Instituto Tecnol\u00f3gico de Pachuca, por lo que ya es un orgullo del municipio, al poner en alto el nombre de Jaltoc\u00e1n\u201d.<\/p>\n\n\n\n<p>As\u00ed fue dado a conocer por los directivos del plantel, informaron que se trata del alumno Luyand Antonio Guzm\u00e1n Mart\u00ednez, quien cursa el sexto grado, grupo \u201cB\u201d, mismo que a partir de los resultados obtenidos en la etapa regional, ha sido seleccionado para participar en la aplicaci\u00f3n de la segunda y \u00faltima evaluaci\u00f3n.<\/p>\n\n\n\n<figure class=\"wp-block-image size-large\"><img fetchpriority=\"high\" decoding=\"async\" width=\"1024\" height=\"581\" src=\"https:\/\/www.zunoticia.com\/noticias-de-hidalgo\/wp-content\/uploads\/2022\/06\/WhatsApp-Image-2022-06-07-at-5.07.56-PM-1024x581.jpeg\" alt=\"\" class=\"wp-image-429126\" srcset=\"https:\/\/www.zunoticia.com\/noticias-de-hidalgo\/wp-content\/uploads\/2022\/06\/WhatsApp-Image-2022-06-07-at-5.07.56-PM-1024x581.jpeg 1024w, https:\/\/www.zunoticia.com\/noticias-de-hidalgo\/wp-content\/uploads\/2022\/06\/WhatsApp-Image-2022-06-07-at-5.07.56-PM-300x170.jpeg 300w, https:\/\/www.zunoticia.com\/noticias-de-hidalgo\/wp-content\/uploads\/2022\/06\/WhatsApp-Image-2022-06-07-at-5.07.56-PM-768x436.jpeg 768w, https:\/\/www.zunoticia.com\/noticias-de-hidalgo\/wp-content\/uploads\/2022\/06\/WhatsApp-Image-2022-06-07-at-5.07.56-PM.jpeg 1080w\" sizes=\"(max-width: 1024px) 100vw, 1024px\" \/><\/figure>\n\n\n\n<p>Esto se estar\u00e1 llevando a cabo el pr\u00f3ximo d\u00eda mi\u00e9rcoles 15 de junio del presente a\u00f1o, en el Instituto Tecnol\u00f3gico de Pachuca; por tal motivo la escuela primaria ind\u00edgena \u201cVicente Guerrero\u201d, del barrio de Tlalnepantla, hace un amplio reconocimiento al alumno dese\u00e1ndole mucho \u00e9xito en su pr\u00f3xima participaci\u00f3n.<\/p>\n\n\n\n<p>Del mismo modo, hace un reconocimiento a la direcci\u00f3n del plantel a cargo de Jos\u00e9 Luis Lara Cruz, al maestro de grupo Samuel Hern\u00e1ndez Hern\u00e1ndez, y al supervisor escolar, Rigoberto Naranjo Hern\u00e1ndez; as\u00ed como tambi\u00e9n a los padres del alumno, por el apoyo en todo momento para esta competencia.<\/p>\n","protected":false},"excerpt":{"rendered":"<p>Por \u00c1ngel Silverio\/Zunoticia Jaltoc\u00e1n, Hgo. &#8211; \u201cEn el marco del concurso Olimpiada del Conocimiento Infantil 2022, un alumno de la escuela primaria ind\u00edgena \u201cVicente Guerrero\u201d, fue seleccionado para participar en la siguiente etapa que habr\u00e1 de realizarse en el Instituto Tecnol\u00f3gico de Pachuca, por lo que ya es un orgullo del municipio, al poner en&hellip; <a class=\"more-link\" href=\"https:\/\/www.zunoticia.com\/noticias-de-hidalgo\/2022\/06\/07\/alumno-de-primaria-indigenavpone-en-alto-a-jaltocan\/\">Seguir leyendo <span class=\"screen-reader-text\">Alumno de primaria Ind\u00edgena pone en alto a Jaltoc\u00e1n<\/span><\/a><\/p>\n","protected":false},"author":12,"featured_media":429127,"comment_status":"open","ping_status":"open","sticky":false,"template":"","format":"standard","meta":{"rop_custom_images_group":[],"rop_custom_messages_group":[],"rop_publish_now":"initial","rop_publish_now_accounts":{"facebook_10159540855086992_322828327761733":""},"rop_publish_now_history":[],"rop_publish_now_status":"pending","footnotes":""},"categories":[179,200],"tags":[131],"class_list":["post-429125","post","type-post","status-publish","format-standard","has-post-thumbnail","hentry","category-huasteca","category-jaltocan","tag-jaltocan","entry"],"_links":{"self":[{"href":"https:\/\/www.zunoticia.com\/noticias-de-hidalgo\/wp-json\/wp\/v2\/posts\/429125","targetHints":{"allow":["GET"]}}],"collection":[{"href":"https:\/\/www.zunoticia.com\/noticias-de-hidalgo\/wp-json\/wp\/v2\/posts"}],"about":[{"href":"https:\/\/www.zunoticia.com\/noticias-de-hidalgo\/wp-json\/wp\/v2\/types\/post"}],"author":[{"embeddable":true,"href":"https:\/\/www.zunoticia.com\/noticias-de-hidalgo\/wp-json\/wp\/v2\/users\/12"}],"replies":[{"embeddable":true,"href":"https:\/\/www.zunoticia.com\/noticias-de-hidalgo\/wp-json\/wp\/v2\/comments?post=429125"}],"version-history":[{"count":2,"href":"https:\/\/www.zunoticia.com\/noticias-de-hidalgo\/wp-json\/wp\/v2\/posts\/429125\/revisions"}],"predecessor-version":[{"id":429144,"href":"https:\/\/www.zunoticia.com\/noticias-de-hidalgo\/wp-json\/wp\/v2\/posts\/429125\/revisions\/429144"}],"wp:featuredmedia":[{"embeddable":true,"href":"https:\/\/www.zunoticia.com\/noticias-de-hidalgo\/wp-json\/wp\/v2\/media\/429127"}],"wp:attachment":[{"href":"https:\/\/www.zunoticia.com\/noticias-de-hidalgo\/wp-json\/wp\/v2\/media?parent=429125"}],"wp:term":[{"taxonomy":"category","embeddable":true,"href":"https:\/\/www.zunoticia.com\/noticias-de-hidalgo\/wp-json\/wp\/v2\/categories?post=429125"},{"taxonomy":"post_tag","embeddable":true,"href":"https:\/\/www.zunoticia.com\/noticias-de-hidalgo\/wp-json\/wp\/v2\/tags?post=429125"}],"curies":[{"name":"wp","href":"https:\/\/api.w.org\/{rel}","templated":true}]}}