{"id":429342,"date":"2022-06-08T19:42:32","date_gmt":"2022-06-09T00:42:32","guid":{"rendered":"https:\/\/www.zunoticia.com\/noticias-de-hidalgo\/?p=429342"},"modified":"2022-06-08T19:42:34","modified_gmt":"2022-06-09T00:42:34","slug":"esperan-que-al-menos-realicen-bacheo-de-calles-principales","status":"publish","type":"post","link":"https:\/\/www.zunoticia.com\/noticias-de-hidalgo\/2022\/06\/08\/esperan-que-al-menos-realicen-bacheo-de-calles-principales\/","title":{"rendered":"Esperan que al menos realicen bacheo de calles principales"},"content":{"rendered":"<aside class=\"mashsb-container mashsb-main mashsb-stretched\"><div class=\"mashsb-box\"><div class=\"mashsb-count mash-large\" style=\"float:left\"><div class=\"counts mashsbcount\">10<\/div><span class=\"mashsb-sharetext\">SHARES<\/span><\/div><div class=\"mashsb-buttons\"><a class=\"mashicon-facebook mash-large mash-center mashsb-noshadow\" href=\"https:\/\/www.facebook.com\/sharer.php?u=https%3A%2F%2Fwww.zunoticia.com%2Fnoticias-de-hidalgo%2F2022%2F06%2F08%2Fesperan-que-al-menos-realicen-bacheo-de-calles-principales%2F\" target=\"_top\" rel=\"nofollow\"><span class=\"icon\"><\/span><span class=\"text\">Share<\/span><\/a><a class=\"mashicon-twitter mash-large mash-center mashsb-noshadow\" href=\"https:\/\/twitter.com\/intent\/tweet?text=&amp;url=https:\/\/www.zunoticia.com\/noticias-de-hidalgo\/2022\/06\/08\/esperan-que-al-menos-realicen-bacheo-de-calles-principales\/\" target=\"_top\" rel=\"nofollow\"><span class=\"icon\"><\/span><span class=\"text\">Tweet<\/span><\/a><div class=\"onoffswitch2 mash-large mashsb-noshadow\" style=\"display:none\"><\/div><\/div>\n            <\/div>\n                <div style=\"clear:both\"><\/div><div class=\"mashsb-toggle-container\"><\/div><\/aside>\n            <!-- Share buttons by mashshare.net - Version: 4.0.47-->\n<p><em>Por \u00c1ngel Silverio\/Zunoticia<\/em><\/p>\n\n\n\n<p><strong>Jaltoc\u00e1n, Hgo.-<\/strong> Luego de que en el inicio de semana el alcalde, Iv\u00e1n Lara Tovar, anunciara el arranque de algunas obras en las localidades, vecinos de la zona centro le siguen pidiendo que realice la reparaci\u00f3n de las calles principales, pues hasta el momento sigue sin ser atendida dicha petici\u00f3n.<\/p>\n\n\n\n<p>De acuerdo con la queja ciudadana, indican que hasta el momento no se ha tenido una respuesta favorable por parte del ayuntamiento, pues han venido solicitando la rehabilitaci\u00f3n de al menos la calle principal, pero dicha petici\u00f3n no ha procedido, as\u00ed como tambi\u00e9n no han visto el inter\u00e9s por realizar al menos el bacheo, seg\u00fan se\u00f1alan.<\/p>\n\n\n\n<p>&#8220;Las calles siguen igual que hace a\u00f1os, con el paso de unidades pesadas o de maquinaria se han ido agrietando m\u00e1s, los baches se van haciendo cada vez m\u00e1s grande, y hasta el momento, pues, ni siquiera eso se ha hecho, bachear, esperamos que se nos anuncie pronto la rehabilitaci\u00f3n, al menos una calle que arreglen, dicen que no se puede, que es muy dif\u00edcil, pero yo creo que s\u00ed hay inter\u00e9s lo pueden hacer&#8221; indic\u00f3 uno de los vecinos de este lugar.<\/p>\n\n\n\n<p>En este sentido, esperan que los regidores soliciten y realmente representen a los ciudadanos, pues tampoco se ha visto trabajo o gesti\u00f3n de acciones que realmente sean de impacto para los jaltocanenses, pues hasta el momento, es casi nulo el avance en la mejora de la infraestructura municipal.<\/p>\n","protected":false},"excerpt":{"rendered":"<p>Por \u00c1ngel Silverio\/Zunoticia Jaltoc\u00e1n, Hgo.- Luego de que en el inicio de semana el alcalde, Iv\u00e1n Lara Tovar, anunciara el arranque de algunas obras en las localidades, vecinos de la zona centro le siguen pidiendo que realice la reparaci\u00f3n de las calles principales, pues hasta el momento sigue sin ser atendida dicha petici\u00f3n. De acuerdo&hellip; <a class=\"more-link\" href=\"https:\/\/www.zunoticia.com\/noticias-de-hidalgo\/2022\/06\/08\/esperan-que-al-menos-realicen-bacheo-de-calles-principales\/\">Seguir leyendo <span class=\"screen-reader-text\">Esperan que al menos realicen bacheo de calles principales<\/span><\/a><\/p>\n","protected":false},"author":12,"featured_media":429338,"comment_status":"open","ping_status":"open","sticky":false,"template":"","format":"standard","meta":{"rop_custom_images_group":[],"rop_custom_messages_group":[],"rop_publish_now":"initial","rop_publish_now_accounts":{"facebook_10159540855086992_322828327761733":""},"rop_publish_now_history":[],"rop_publish_now_status":"pending","footnotes":""},"categories":[179,200],"tags":[131],"class_list":["post-429342","post","type-post","status-publish","format-standard","has-post-thumbnail","hentry","category-huasteca","category-jaltocan","tag-jaltocan","entry"],"_links":{"self":[{"href":"https:\/\/www.zunoticia.com\/noticias-de-hidalgo\/wp-json\/wp\/v2\/posts\/429342","targetHints":{"allow":["GET"]}}],"collection":[{"href":"https:\/\/www.zunoticia.com\/noticias-de-hidalgo\/wp-json\/wp\/v2\/posts"}],"about":[{"href":"https:\/\/www.zunoticia.com\/noticias-de-hidalgo\/wp-json\/wp\/v2\/types\/post"}],"author":[{"embeddable":true,"href":"https:\/\/www.zunoticia.com\/noticias-de-hidalgo\/wp-json\/wp\/v2\/users\/12"}],"replies":[{"embeddable":true,"href":"https:\/\/www.zunoticia.com\/noticias-de-hidalgo\/wp-json\/wp\/v2\/comments?post=429342"}],"version-history":[{"count":1,"href":"https:\/\/www.zunoticia.com\/noticias-de-hidalgo\/wp-json\/wp\/v2\/posts\/429342\/revisions"}],"predecessor-version":[{"id":429343,"href":"https:\/\/www.zunoticia.com\/noticias-de-hidalgo\/wp-json\/wp\/v2\/posts\/429342\/revisions\/429343"}],"wp:featuredmedia":[{"embeddable":true,"href":"https:\/\/www.zunoticia.com\/noticias-de-hidalgo\/wp-json\/wp\/v2\/media\/429338"}],"wp:attachment":[{"href":"https:\/\/www.zunoticia.com\/noticias-de-hidalgo\/wp-json\/wp\/v2\/media?parent=429342"}],"wp:term":[{"taxonomy":"category","embeddable":true,"href":"https:\/\/www.zunoticia.com\/noticias-de-hidalgo\/wp-json\/wp\/v2\/categories?post=429342"},{"taxonomy":"post_tag","embeddable":true,"href":"https:\/\/www.zunoticia.com\/noticias-de-hidalgo\/wp-json\/wp\/v2\/tags?post=429342"}],"curies":[{"name":"wp","href":"https:\/\/api.w.org\/{rel}","templated":true}]}}