{"id":429752,"date":"2022-06-11T19:33:38","date_gmt":"2022-06-12T00:33:38","guid":{"rendered":"https:\/\/www.zunoticia.com\/noticias-de-hidalgo\/?p=429752"},"modified":"2022-06-11T19:33:39","modified_gmt":"2022-06-12T00:33:39","slug":"consideran-adecuado-colocar-placa-alusiva-en-la-iglesia-de-san-jose","status":"publish","type":"post","link":"https:\/\/www.zunoticia.com\/noticias-de-hidalgo\/2022\/06\/11\/consideran-adecuado-colocar-placa-alusiva-en-la-iglesia-de-san-jose\/","title":{"rendered":"Consideran adecuado colocar placa alusiva en la iglesia de San Jos\u00e9"},"content":{"rendered":"<aside class=\"mashsb-container mashsb-main mashsb-stretched\"><div class=\"mashsb-box\"><div class=\"mashsb-count mash-large\" style=\"float:left\"><div class=\"counts mashsbcount\">24<\/div><span class=\"mashsb-sharetext\">SHARES<\/span><\/div><div class=\"mashsb-buttons\"><a class=\"mashicon-facebook mash-large mash-center mashsb-noshadow\" href=\"https:\/\/www.facebook.com\/sharer.php?u=https%3A%2F%2Fwww.zunoticia.com%2Fnoticias-de-hidalgo%2F2022%2F06%2F11%2Fconsideran-adecuado-colocar-placa-alusiva-en-la-iglesia-de-san-jose%2F\" target=\"_top\" rel=\"nofollow\"><span class=\"icon\"><\/span><span class=\"text\">Share<\/span><\/a><a class=\"mashicon-twitter mash-large mash-center mashsb-noshadow\" href=\"https:\/\/twitter.com\/intent\/tweet?text=&amp;url=https:\/\/www.zunoticia.com\/noticias-de-hidalgo\/2022\/06\/11\/consideran-adecuado-colocar-placa-alusiva-en-la-iglesia-de-san-jose\/\" target=\"_top\" rel=\"nofollow\"><span class=\"icon\"><\/span><span class=\"text\">Tweet<\/span><\/a><div class=\"onoffswitch2 mash-large mashsb-noshadow\" style=\"display:none\"><\/div><\/div>\n            <\/div>\n                <div style=\"clear:both\"><\/div><div class=\"mashsb-toggle-container\"><\/div><\/aside>\n            <!-- Share buttons by mashshare.net - Version: 4.0.47-->\n<p><em>Por Salvador Altamirano\/Zunoticia<\/em><\/p>\n\n\n\n<p><strong>Huejutla, Hgo. &#8211;<\/strong> Habitantes de la colonia San Jos\u00e9, consideran que es necesario colocar en la entrada de la iglesia una placa alusiva al actual nombre del sector poblacional.<\/p>\n\n\n\n<p>Explicaron que, hace muchos a\u00f1os, cuando Huejutla era un pueblo peque\u00f1o, viv\u00eda en el barrio El Potrero, un matancero que adem\u00e1s era catequista, quien trajo al lugar la imagen de San Jos\u00e9 y desde entonces se decidi\u00f3 que el sector ostentara el nombre del que hoy es su santo patr\u00f3n.<\/p>\n\n\n\n<p>A pregunta expresa, refirieron que esa persona respond\u00eda al nombre de Juli\u00e1n Morales Hern\u00e1ndez, quien fue el primero que trajo la &#8220;Danza de las Inditas&#8221; a una de las colonias de Huejutla, a la hoy San Jos\u00e9 Potrero, considerada &#8220;ra\u00edces de tradiciones&#8221;.<\/p>\n\n\n\n<p>Subrayaron que con la requerida placa se le rendir\u00eda &#8220;honor a quien honor merece&#8221;, ya que el origen de un nombre de pueblo o colonia, es muy singular, por lo que debe de proyectarse y por qu\u00e9 no, presumirse.<\/p>\n\n\n\n<p>Para finalizar, exhortan al delegado municipal, Baldomero Hern\u00e1ndez \u00c1ngeles, para que proponga ante el comit\u00e9 delegacional y habitantes en general, la precitada propuesta que de ante mano -dijeron-, debe de aceptarse, ya que es algo que nos identifica como habitantes.<\/p>\n","protected":false},"excerpt":{"rendered":"<p>Por Salvador Altamirano\/Zunoticia Huejutla, Hgo. &#8211; Habitantes de la colonia San Jos\u00e9, consideran que es necesario colocar en la entrada de la iglesia una placa alusiva al actual nombre del sector poblacional. Explicaron que, hace muchos a\u00f1os, cuando Huejutla era un pueblo peque\u00f1o, viv\u00eda en el barrio El Potrero, un matancero que adem\u00e1s era catequista,&hellip; <a class=\"more-link\" href=\"https:\/\/www.zunoticia.com\/noticias-de-hidalgo\/2022\/06\/11\/consideran-adecuado-colocar-placa-alusiva-en-la-iglesia-de-san-jose\/\">Seguir leyendo <span class=\"screen-reader-text\">Consideran adecuado colocar placa alusiva en la iglesia de San Jos\u00e9<\/span><\/a><\/p>\n","protected":false},"author":12,"featured_media":429753,"comment_status":"open","ping_status":"open","sticky":false,"template":"","format":"standard","meta":{"rop_custom_images_group":[],"rop_custom_messages_group":[],"rop_publish_now":"initial","rop_publish_now_accounts":{"facebook_10159540855086992_322828327761733":""},"rop_publish_now_history":[],"rop_publish_now_status":"pending","footnotes":""},"categories":[181],"tags":[121],"class_list":["post-429752","post","type-post","status-publish","format-standard","has-post-thumbnail","hentry","category-huejutla","tag-huejutla","entry"],"_links":{"self":[{"href":"https:\/\/www.zunoticia.com\/noticias-de-hidalgo\/wp-json\/wp\/v2\/posts\/429752","targetHints":{"allow":["GET"]}}],"collection":[{"href":"https:\/\/www.zunoticia.com\/noticias-de-hidalgo\/wp-json\/wp\/v2\/posts"}],"about":[{"href":"https:\/\/www.zunoticia.com\/noticias-de-hidalgo\/wp-json\/wp\/v2\/types\/post"}],"author":[{"embeddable":true,"href":"https:\/\/www.zunoticia.com\/noticias-de-hidalgo\/wp-json\/wp\/v2\/users\/12"}],"replies":[{"embeddable":true,"href":"https:\/\/www.zunoticia.com\/noticias-de-hidalgo\/wp-json\/wp\/v2\/comments?post=429752"}],"version-history":[{"count":1,"href":"https:\/\/www.zunoticia.com\/noticias-de-hidalgo\/wp-json\/wp\/v2\/posts\/429752\/revisions"}],"predecessor-version":[{"id":429754,"href":"https:\/\/www.zunoticia.com\/noticias-de-hidalgo\/wp-json\/wp\/v2\/posts\/429752\/revisions\/429754"}],"wp:featuredmedia":[{"embeddable":true,"href":"https:\/\/www.zunoticia.com\/noticias-de-hidalgo\/wp-json\/wp\/v2\/media\/429753"}],"wp:attachment":[{"href":"https:\/\/www.zunoticia.com\/noticias-de-hidalgo\/wp-json\/wp\/v2\/media?parent=429752"}],"wp:term":[{"taxonomy":"category","embeddable":true,"href":"https:\/\/www.zunoticia.com\/noticias-de-hidalgo\/wp-json\/wp\/v2\/categories?post=429752"},{"taxonomy":"post_tag","embeddable":true,"href":"https:\/\/www.zunoticia.com\/noticias-de-hidalgo\/wp-json\/wp\/v2\/tags?post=429752"}],"curies":[{"name":"wp","href":"https:\/\/api.w.org\/{rel}","templated":true}]}}