{"id":429997,"date":"2022-06-13T17:27:57","date_gmt":"2022-06-13T22:27:57","guid":{"rendered":"https:\/\/www.zunoticia.com\/noticias-de-hidalgo\/?p=429997"},"modified":"2022-06-13T19:06:42","modified_gmt":"2022-06-14T00:06:42","slug":"menor-de-edad-herido-al-caer-de-una-barda","status":"publish","type":"post","link":"https:\/\/www.zunoticia.com\/noticias-de-hidalgo\/2022\/06\/13\/menor-de-edad-herido-al-caer-de-una-barda\/","title":{"rendered":"Menor de edad herido al caer de una barda"},"content":{"rendered":"<aside class=\"mashsb-container mashsb-main mashsb-stretched\"><div class=\"mashsb-box\"><div class=\"mashsb-count mash-large\" style=\"float:left\"><div class=\"counts mashsbcount\">19<\/div><span class=\"mashsb-sharetext\">SHARES<\/span><\/div><div class=\"mashsb-buttons\"><a class=\"mashicon-facebook mash-large mash-center mashsb-noshadow\" href=\"https:\/\/www.facebook.com\/sharer.php?u=https%3A%2F%2Fwww.zunoticia.com%2Fnoticias-de-hidalgo%2F2022%2F06%2F13%2Fmenor-de-edad-herido-al-caer-de-una-barda%2F\" target=\"_top\" rel=\"nofollow\"><span class=\"icon\"><\/span><span class=\"text\">Share<\/span><\/a><a class=\"mashicon-twitter mash-large mash-center mashsb-noshadow\" href=\"https:\/\/twitter.com\/intent\/tweet?text=&amp;url=https:\/\/www.zunoticia.com\/noticias-de-hidalgo\/2022\/06\/13\/menor-de-edad-herido-al-caer-de-una-barda\/\" target=\"_top\" rel=\"nofollow\"><span class=\"icon\"><\/span><span class=\"text\">Tweet<\/span><\/a><div class=\"onoffswitch2 mash-large mashsb-noshadow\" style=\"display:none\"><\/div><\/div>\n            <\/div>\n                <div style=\"clear:both\"><\/div><div class=\"mashsb-toggle-container\"><\/div><\/aside>\n            <!-- Share buttons by mashshare.net - Version: 4.0.47-->\n<p><em>Por Redacci\u00f3n\/Zunoticia<\/em><\/p>\n\n\n\n<p><strong>Yahualica, Hgo. &#8211;<\/strong> Un menor de edad sufri\u00f3 diversas heridas luego de caer de una barda, tras estar jugando con otros ni\u00f1os; al infante de inmediato lo llevaron al Hospital Integral de Atlapexco para que recibiera las atenciones m\u00e9dicas y descartar situaciones de gravedad en su humanidad.<\/p>\n\n\n\n<p>Los hechos ocurrieron en este municipio, en donde el infante S. N.N., de 9 a\u00f1os de edad, al parecer jugaba junto con otros ni\u00f1os, pero al subirse en una barda de 2 metros de altura sufri\u00f3 una fuerte ca\u00edda, lo que trajo como consecuencia que tuviera una hemorragia en el rostro y heridas en diferentes partes de su cuerpo.<\/p>\n\n\n\n<p>El lesionado fue trasladado en una camioneta particular al Hospital Integral, al ser revisado por un galeno solo le detectaron golpes y moretones, descart\u00e1ndose que tuviese alguna fractura que pusiera en riesgo su vida; tras saturar sus heridas fue dado de alta.<\/p>\n","protected":false},"excerpt":{"rendered":"<p>Por Redacci\u00f3n\/Zunoticia Yahualica, Hgo. &#8211; Un menor de edad sufri\u00f3 diversas heridas luego de caer de una barda, tras estar jugando con otros ni\u00f1os; al infante de inmediato lo llevaron al Hospital Integral de Atlapexco para que recibiera las atenciones m\u00e9dicas y descartar situaciones de gravedad en su humanidad. Los hechos ocurrieron en este municipio,&hellip; <a class=\"more-link\" href=\"https:\/\/www.zunoticia.com\/noticias-de-hidalgo\/2022\/06\/13\/menor-de-edad-herido-al-caer-de-una-barda\/\">Seguir leyendo <span class=\"screen-reader-text\">Menor de edad herido al caer de una barda<\/span><\/a><\/p>\n","protected":false},"author":12,"featured_media":429998,"comment_status":"open","ping_status":"open","sticky":false,"template":"","format":"standard","meta":{"rop_custom_images_group":[],"rop_custom_messages_group":[],"rop_publish_now":"initial","rop_publish_now_accounts":{"facebook_10159540855086992_322828327761733":""},"rop_publish_now_history":[],"rop_publish_now_status":"pending","footnotes":""},"categories":[179,203],"tags":[123],"class_list":["post-429997","post","type-post","status-publish","format-standard","has-post-thumbnail","hentry","category-huasteca","category-yahualica","tag-yahualica","entry"],"_links":{"self":[{"href":"https:\/\/www.zunoticia.com\/noticias-de-hidalgo\/wp-json\/wp\/v2\/posts\/429997","targetHints":{"allow":["GET"]}}],"collection":[{"href":"https:\/\/www.zunoticia.com\/noticias-de-hidalgo\/wp-json\/wp\/v2\/posts"}],"about":[{"href":"https:\/\/www.zunoticia.com\/noticias-de-hidalgo\/wp-json\/wp\/v2\/types\/post"}],"author":[{"embeddable":true,"href":"https:\/\/www.zunoticia.com\/noticias-de-hidalgo\/wp-json\/wp\/v2\/users\/12"}],"replies":[{"embeddable":true,"href":"https:\/\/www.zunoticia.com\/noticias-de-hidalgo\/wp-json\/wp\/v2\/comments?post=429997"}],"version-history":[{"count":2,"href":"https:\/\/www.zunoticia.com\/noticias-de-hidalgo\/wp-json\/wp\/v2\/posts\/429997\/revisions"}],"predecessor-version":[{"id":430049,"href":"https:\/\/www.zunoticia.com\/noticias-de-hidalgo\/wp-json\/wp\/v2\/posts\/429997\/revisions\/430049"}],"wp:featuredmedia":[{"embeddable":true,"href":"https:\/\/www.zunoticia.com\/noticias-de-hidalgo\/wp-json\/wp\/v2\/media\/429998"}],"wp:attachment":[{"href":"https:\/\/www.zunoticia.com\/noticias-de-hidalgo\/wp-json\/wp\/v2\/media?parent=429997"}],"wp:term":[{"taxonomy":"category","embeddable":true,"href":"https:\/\/www.zunoticia.com\/noticias-de-hidalgo\/wp-json\/wp\/v2\/categories?post=429997"},{"taxonomy":"post_tag","embeddable":true,"href":"https:\/\/www.zunoticia.com\/noticias-de-hidalgo\/wp-json\/wp\/v2\/tags?post=429997"}],"curies":[{"name":"wp","href":"https:\/\/api.w.org\/{rel}","templated":true}]}}