{"id":430070,"date":"2022-06-13T20:06:25","date_gmt":"2022-06-14T01:06:25","guid":{"rendered":"https:\/\/www.zunoticia.com\/noticias-de-hidalgo\/?p=430070"},"modified":"2022-06-13T20:06:26","modified_gmt":"2022-06-14T01:06:26","slug":"afirma-alcalde-que-si-se-resolvera-la-grave-contaminacion-del-rio","status":"publish","type":"post","link":"https:\/\/www.zunoticia.com\/noticias-de-hidalgo\/2022\/06\/13\/afirma-alcalde-que-si-se-resolvera-la-grave-contaminacion-del-rio\/","title":{"rendered":"Afirma alcalde que si se resolver\u00e1 la grave contaminaci\u00f3n del r\u00edo"},"content":{"rendered":"<aside class=\"mashsb-container mashsb-main mashsb-stretched\"><div class=\"mashsb-box\"><div class=\"mashsb-count mash-large\" style=\"float:left\"><div class=\"counts mashsbcount\">19<\/div><span class=\"mashsb-sharetext\">SHARES<\/span><\/div><div class=\"mashsb-buttons\"><a class=\"mashicon-facebook mash-large mash-center mashsb-noshadow\" href=\"https:\/\/www.facebook.com\/sharer.php?u=https%3A%2F%2Fwww.zunoticia.com%2Fnoticias-de-hidalgo%2F2022%2F06%2F13%2Fafirma-alcalde-que-si-se-resolvera-la-grave-contaminacion-del-rio%2F\" target=\"_top\" rel=\"nofollow\"><span class=\"icon\"><\/span><span class=\"text\">Share<\/span><\/a><a class=\"mashicon-twitter mash-large mash-center mashsb-noshadow\" href=\"https:\/\/twitter.com\/intent\/tweet?text=&amp;url=https:\/\/www.zunoticia.com\/noticias-de-hidalgo\/2022\/06\/13\/afirma-alcalde-que-si-se-resolvera-la-grave-contaminacion-del-rio\/\" target=\"_top\" rel=\"nofollow\"><span class=\"icon\"><\/span><span class=\"text\">Tweet<\/span><\/a><div class=\"onoffswitch2 mash-large mashsb-noshadow\" style=\"display:none\"><\/div><\/div>\n            <\/div>\n                <div style=\"clear:both\"><\/div><div class=\"mashsb-toggle-container\"><\/div><\/aside>\n            <!-- Share buttons by mashshare.net - Version: 4.0.47-->\n<p><em>Por \u00c1ngel Silverio\/Zunoticia<\/em><\/p>\n\n\n\n<p><strong>Jaltoc\u00e1n, Hgo.-<\/strong> Luego de los constantes reclamos&nbsp; de los habitantes de los barrios que se encuentran cerca de la ribera del r\u00edo, que se quejan por los f\u00e9tidos olores que emanan del sistema de drenaje, inconcluso a medio r\u00edo,&nbsp; por lo que fue cuestionado el alcalde Iv\u00e1n Lara quien afirm\u00f3 que se est\u00e1 atendiendo el problema.<\/p>\n\n\n\n<p>Al preguntarle al presidente municipal sobre la respuesta para los vecinos de dichos sectores afectados por la contaminaci\u00f3n, indic\u00f3, -\u201cSe est\u00e1 haciendo el trabajo, ya estuve en las oficinas de Conagua en la Ciudad de M\u00e9xico, en las oficinas del estado, se nos pidi\u00f3 un proyecto, ya se elabor\u00f3, se est\u00e1 trabajando, nos hicieron algunas observaciones las cuales ya las est\u00e1 corrigiendo Obras P\u00fablicas para poder ingresarlo y estamos insistiendo en ese recurso, porque el da\u00f1o es muy fuerte\u201d.<\/p>\n\n\n\n<p>Insisti\u00f3 en que el problema es generado por comunidades de Huejutla, -\u201cEse drenaje viene de comunidades de Huejutla, pero nos est\u00e1 afectando a nosotros, estamos trabajando en eso, esperamos que se nos d\u00e9, hasta ahorita nos han atendido muy bien, ojal\u00e1 que nos liberen ese recurso para poder ejecutar esa obra, comprende lo del drenaje y la planta tratadora de Vinazco para no nada m\u00e1s sacarlo de aqu\u00ed, si no que se trate el agua\u201d.<\/p>\n\n\n\n<p>A pregunta expresa s\u00ed no ser\u00e1 solo una promesa, a\u00f1adi\u00f3, -\u201cSi hay posibilidades de que se logre, esperamos que s\u00ed y seguiremos tocando puertas en lo que nos corresponde, y acabar con esa contaminaci\u00f3n\u201d.<\/p>\n","protected":false},"excerpt":{"rendered":"<p>Por \u00c1ngel Silverio\/Zunoticia Jaltoc\u00e1n, Hgo.- Luego de los constantes reclamos&nbsp; de los habitantes de los barrios que se encuentran cerca de la ribera del r\u00edo, que se quejan por los f\u00e9tidos olores que emanan del sistema de drenaje, inconcluso a medio r\u00edo,&nbsp; por lo que fue cuestionado el alcalde Iv\u00e1n Lara quien afirm\u00f3 que se&hellip; <a class=\"more-link\" href=\"https:\/\/www.zunoticia.com\/noticias-de-hidalgo\/2022\/06\/13\/afirma-alcalde-que-si-se-resolvera-la-grave-contaminacion-del-rio\/\">Seguir leyendo <span class=\"screen-reader-text\">Afirma alcalde que si se resolver\u00e1 la grave contaminaci\u00f3n del r\u00edo<\/span><\/a><\/p>\n","protected":false},"author":12,"featured_media":430062,"comment_status":"open","ping_status":"open","sticky":false,"template":"","format":"standard","meta":{"rop_custom_images_group":[],"rop_custom_messages_group":[],"rop_publish_now":"initial","rop_publish_now_accounts":{"facebook_10159540855086992_322828327761733":""},"rop_publish_now_history":[],"rop_publish_now_status":"pending","footnotes":""},"categories":[179,200],"tags":[131],"class_list":["post-430070","post","type-post","status-publish","format-standard","has-post-thumbnail","hentry","category-huasteca","category-jaltocan","tag-jaltocan","entry"],"_links":{"self":[{"href":"https:\/\/www.zunoticia.com\/noticias-de-hidalgo\/wp-json\/wp\/v2\/posts\/430070","targetHints":{"allow":["GET"]}}],"collection":[{"href":"https:\/\/www.zunoticia.com\/noticias-de-hidalgo\/wp-json\/wp\/v2\/posts"}],"about":[{"href":"https:\/\/www.zunoticia.com\/noticias-de-hidalgo\/wp-json\/wp\/v2\/types\/post"}],"author":[{"embeddable":true,"href":"https:\/\/www.zunoticia.com\/noticias-de-hidalgo\/wp-json\/wp\/v2\/users\/12"}],"replies":[{"embeddable":true,"href":"https:\/\/www.zunoticia.com\/noticias-de-hidalgo\/wp-json\/wp\/v2\/comments?post=430070"}],"version-history":[{"count":1,"href":"https:\/\/www.zunoticia.com\/noticias-de-hidalgo\/wp-json\/wp\/v2\/posts\/430070\/revisions"}],"predecessor-version":[{"id":430071,"href":"https:\/\/www.zunoticia.com\/noticias-de-hidalgo\/wp-json\/wp\/v2\/posts\/430070\/revisions\/430071"}],"wp:featuredmedia":[{"embeddable":true,"href":"https:\/\/www.zunoticia.com\/noticias-de-hidalgo\/wp-json\/wp\/v2\/media\/430062"}],"wp:attachment":[{"href":"https:\/\/www.zunoticia.com\/noticias-de-hidalgo\/wp-json\/wp\/v2\/media?parent=430070"}],"wp:term":[{"taxonomy":"category","embeddable":true,"href":"https:\/\/www.zunoticia.com\/noticias-de-hidalgo\/wp-json\/wp\/v2\/categories?post=430070"},{"taxonomy":"post_tag","embeddable":true,"href":"https:\/\/www.zunoticia.com\/noticias-de-hidalgo\/wp-json\/wp\/v2\/tags?post=430070"}],"curies":[{"name":"wp","href":"https:\/\/api.w.org\/{rel}","templated":true}]}}