{"id":430118,"date":"2022-06-14T15:30:54","date_gmt":"2022-06-14T20:30:54","guid":{"rendered":"https:\/\/www.zunoticia.com\/noticias-de-hidalgo\/?p=430118"},"modified":"2022-06-14T15:30:57","modified_gmt":"2022-06-14T20:30:57","slug":"el-alcalde-corono-a-la-reina-e-inauguro-fiestas-en-mecatlan","status":"publish","type":"post","link":"https:\/\/www.zunoticia.com\/noticias-de-hidalgo\/2022\/06\/14\/el-alcalde-corono-a-la-reina-e-inauguro-fiestas-en-mecatlan\/","title":{"rendered":"El alcalde coron\u00f3 a la reina e inaugur\u00f3 fiestas en Mecatl\u00e1n"},"content":{"rendered":"<aside class=\"mashsb-container mashsb-main mashsb-stretched\"><div class=\"mashsb-box\"><div class=\"mashsb-count mash-large\" style=\"float:left\"><div class=\"counts mashsbcount\">10<\/div><span class=\"mashsb-sharetext\">SHARES<\/span><\/div><div class=\"mashsb-buttons\"><a class=\"mashicon-facebook mash-large mash-center mashsb-noshadow\" href=\"https:\/\/www.facebook.com\/sharer.php?u=https%3A%2F%2Fwww.zunoticia.com%2Fnoticias-de-hidalgo%2F2022%2F06%2F14%2Fel-alcalde-corono-a-la-reina-e-inauguro-fiestas-en-mecatlan%2F\" target=\"_top\" rel=\"nofollow\"><span class=\"icon\"><\/span><span class=\"text\">Share<\/span><\/a><a class=\"mashicon-twitter mash-large mash-center mashsb-noshadow\" href=\"https:\/\/twitter.com\/intent\/tweet?text=&amp;url=https:\/\/www.zunoticia.com\/noticias-de-hidalgo\/2022\/06\/14\/el-alcalde-corono-a-la-reina-e-inauguro-fiestas-en-mecatlan\/\" target=\"_top\" rel=\"nofollow\"><span class=\"icon\"><\/span><span class=\"text\">Tweet<\/span><\/a><div class=\"onoffswitch2 mash-large mashsb-noshadow\" style=\"display:none\"><\/div><\/div>\n            <\/div>\n                <div style=\"clear:both\"><\/div><div class=\"mashsb-toggle-container\"><\/div><\/aside>\n            <!-- Share buttons by mashshare.net - Version: 4.0.47-->\n<p><em>Por Roberto Meza\/Zunoticia<\/em><\/p>\n\n\n\n<p><strong>Yahualica, Hgo. &#8211;<\/strong> Alrededor de las 11:00 de la noche del pasado lunes, el alcalde El\u00edas Sanju\u00e1n, coron\u00f3 a la reina de Mecatl\u00e1n, tras un certamen de belleza que se efectu\u00f3 en esa localidad e inaugur\u00f3 las fiestas patronales Corpus Christi; En este evento participaron al menos 7 se\u00f1oritas, todas originarias de esa poblaci\u00f3n.<\/p>\n\n\n\n<p>El presidente municipal al inaugurar la feria de Mecatl\u00e1n, dijo \u201ces un gran honor estar en esta comunidad compartido las festividades, sobre todo seguir impulsando las tradiciones y costumbres, ya que tras la pandemia se suspendieron, pero hoy se retoman con mucha fuerza para bien de los pueblos\u201d.<\/p>\n\n\n\n<figure class=\"wp-block-image size-large\"><img fetchpriority=\"high\" decoding=\"async\" width=\"1024\" height=\"576\" src=\"https:\/\/www.zunoticia.com\/noticias-de-hidalgo\/wp-content\/uploads\/2022\/06\/WhatsApp-Image-2022-06-14-at-3.02.05-PM-1024x576.jpeg\" alt=\"\" class=\"wp-image-430120\" srcset=\"https:\/\/www.zunoticia.com\/noticias-de-hidalgo\/wp-content\/uploads\/2022\/06\/WhatsApp-Image-2022-06-14-at-3.02.05-PM-1024x576.jpeg 1024w, https:\/\/www.zunoticia.com\/noticias-de-hidalgo\/wp-content\/uploads\/2022\/06\/WhatsApp-Image-2022-06-14-at-3.02.05-PM-300x169.jpeg 300w, https:\/\/www.zunoticia.com\/noticias-de-hidalgo\/wp-content\/uploads\/2022\/06\/WhatsApp-Image-2022-06-14-at-3.02.05-PM-768x432.jpeg 768w, https:\/\/www.zunoticia.com\/noticias-de-hidalgo\/wp-content\/uploads\/2022\/06\/WhatsApp-Image-2022-06-14-at-3.02.05-PM.jpeg 1032w\" sizes=\"(max-width: 1024px) 100vw, 1024px\" \/><\/figure>\n\n\n\n<p>Agradeci\u00f3 a las autoridades delegacionales, ejidales y la poblaci\u00f3n en general por resaltar este tipo de festejos ya que con esto se mueve el turismo y la econom\u00eda local, por lo que dijo, \u201ces muy importante recibir a todos, deben de sentirse orgullosos de estas fiestas\u201d. El mun\u00edcipe se\u00f1al\u00f3 que todas las se\u00f1oritas jugaron un papel importante, por lo que reconoci\u00f3 y felicit\u00f3 a cada una de ellas por esta gran participaci\u00f3n en el evento.<\/p>\n\n\n\n<p>Fue Diana Erandi, la se\u00f1orita quien gan\u00f3 la corona de este certamen, mientras que Belinda y Paloma obtuvieron el segundo y tercer lugar, respectivamente; por lo que al t\u00e9rmino de este evento el edil las coron\u00f3; las autoridades de esa poblaci\u00f3n hicieron entrega de los premios econ\u00f3micos a las tres ganadoras.<\/p>\n\n\n\n<figure class=\"wp-block-image size-large\"><img decoding=\"async\" width=\"1024\" height=\"473\" src=\"https:\/\/www.zunoticia.com\/noticias-de-hidalgo\/wp-content\/uploads\/2022\/06\/WhatsApp-Image-2022-06-14-at-3.02.05-PM-1-1024x473.jpeg\" alt=\"\" class=\"wp-image-430121\" srcset=\"https:\/\/www.zunoticia.com\/noticias-de-hidalgo\/wp-content\/uploads\/2022\/06\/WhatsApp-Image-2022-06-14-at-3.02.05-PM-1-1024x473.jpeg 1024w, https:\/\/www.zunoticia.com\/noticias-de-hidalgo\/wp-content\/uploads\/2022\/06\/WhatsApp-Image-2022-06-14-at-3.02.05-PM-1-300x138.jpeg 300w, https:\/\/www.zunoticia.com\/noticias-de-hidalgo\/wp-content\/uploads\/2022\/06\/WhatsApp-Image-2022-06-14-at-3.02.05-PM-1-768x354.jpeg 768w, https:\/\/www.zunoticia.com\/noticias-de-hidalgo\/wp-content\/uploads\/2022\/06\/WhatsApp-Image-2022-06-14-at-3.02.05-PM-1.jpeg 1040w\" sizes=\"(max-width: 1024px) 100vw, 1024px\" \/><\/figure>\n\n\n\n<p>La reina habr\u00e1 de representar a esta localidad en todos los eventos culturales, quien agradeci\u00f3 a sus pap\u00e1s y amigos que la apoyaron hasta el \u00faltimo momento.<\/p>\n","protected":false},"excerpt":{"rendered":"<p>Por Roberto Meza\/Zunoticia Yahualica, Hgo. &#8211; Alrededor de las 11:00 de la noche del pasado lunes, el alcalde El\u00edas Sanju\u00e1n, coron\u00f3 a la reina de Mecatl\u00e1n, tras un certamen de belleza que se efectu\u00f3 en esa localidad e inaugur\u00f3 las fiestas patronales Corpus Christi; En este evento participaron al menos 7 se\u00f1oritas, todas originarias de&hellip; <a class=\"more-link\" href=\"https:\/\/www.zunoticia.com\/noticias-de-hidalgo\/2022\/06\/14\/el-alcalde-corono-a-la-reina-e-inauguro-fiestas-en-mecatlan\/\">Seguir leyendo <span class=\"screen-reader-text\">El alcalde coron\u00f3 a la reina e inaugur\u00f3 fiestas en Mecatl\u00e1n<\/span><\/a><\/p>\n","protected":false},"author":12,"featured_media":430119,"comment_status":"open","ping_status":"open","sticky":false,"template":"","format":"standard","meta":{"rop_custom_images_group":[],"rop_custom_messages_group":[],"rop_publish_now":"initial","rop_publish_now_accounts":{"facebook_10159540855086992_322828327761733":""},"rop_publish_now_history":[],"rop_publish_now_status":"pending","footnotes":""},"categories":[179,203],"tags":[123],"class_list":["post-430118","post","type-post","status-publish","format-standard","has-post-thumbnail","hentry","category-huasteca","category-yahualica","tag-yahualica","entry"],"_links":{"self":[{"href":"https:\/\/www.zunoticia.com\/noticias-de-hidalgo\/wp-json\/wp\/v2\/posts\/430118","targetHints":{"allow":["GET"]}}],"collection":[{"href":"https:\/\/www.zunoticia.com\/noticias-de-hidalgo\/wp-json\/wp\/v2\/posts"}],"about":[{"href":"https:\/\/www.zunoticia.com\/noticias-de-hidalgo\/wp-json\/wp\/v2\/types\/post"}],"author":[{"embeddable":true,"href":"https:\/\/www.zunoticia.com\/noticias-de-hidalgo\/wp-json\/wp\/v2\/users\/12"}],"replies":[{"embeddable":true,"href":"https:\/\/www.zunoticia.com\/noticias-de-hidalgo\/wp-json\/wp\/v2\/comments?post=430118"}],"version-history":[{"count":1,"href":"https:\/\/www.zunoticia.com\/noticias-de-hidalgo\/wp-json\/wp\/v2\/posts\/430118\/revisions"}],"predecessor-version":[{"id":430122,"href":"https:\/\/www.zunoticia.com\/noticias-de-hidalgo\/wp-json\/wp\/v2\/posts\/430118\/revisions\/430122"}],"wp:featuredmedia":[{"embeddable":true,"href":"https:\/\/www.zunoticia.com\/noticias-de-hidalgo\/wp-json\/wp\/v2\/media\/430119"}],"wp:attachment":[{"href":"https:\/\/www.zunoticia.com\/noticias-de-hidalgo\/wp-json\/wp\/v2\/media?parent=430118"}],"wp:term":[{"taxonomy":"category","embeddable":true,"href":"https:\/\/www.zunoticia.com\/noticias-de-hidalgo\/wp-json\/wp\/v2\/categories?post=430118"},{"taxonomy":"post_tag","embeddable":true,"href":"https:\/\/www.zunoticia.com\/noticias-de-hidalgo\/wp-json\/wp\/v2\/tags?post=430118"}],"curies":[{"name":"wp","href":"https:\/\/api.w.org\/{rel}","templated":true}]}}