{"id":430223,"date":"2022-06-14T19:14:41","date_gmt":"2022-06-15T00:14:41","guid":{"rendered":"https:\/\/www.zunoticia.com\/noticias-de-hidalgo\/?p=430223"},"modified":"2022-06-14T19:14:43","modified_gmt":"2022-06-15T00:14:43","slug":"llaman-a-reforzar-medidas-contra-el-covid-19","status":"publish","type":"post","link":"https:\/\/www.zunoticia.com\/noticias-de-hidalgo\/2022\/06\/14\/llaman-a-reforzar-medidas-contra-el-covid-19\/","title":{"rendered":"Llaman a reforzar medidas contra el COVID-19"},"content":{"rendered":"<aside class=\"mashsb-container mashsb-main mashsb-stretched\"><div class=\"mashsb-box\"><div class=\"mashsb-count mash-large\" style=\"float:left\"><div class=\"counts mashsbcount\">15<\/div><span class=\"mashsb-sharetext\">SHARES<\/span><\/div><div class=\"mashsb-buttons\"><a class=\"mashicon-facebook mash-large mash-center mashsb-noshadow\" href=\"https:\/\/www.facebook.com\/sharer.php?u=https%3A%2F%2Fwww.zunoticia.com%2Fnoticias-de-hidalgo%2F2022%2F06%2F14%2Fllaman-a-reforzar-medidas-contra-el-covid-19%2F\" target=\"_top\" rel=\"nofollow\"><span class=\"icon\"><\/span><span class=\"text\">Share<\/span><\/a><a class=\"mashicon-twitter mash-large mash-center mashsb-noshadow\" href=\"https:\/\/twitter.com\/intent\/tweet?text=&amp;url=https:\/\/www.zunoticia.com\/noticias-de-hidalgo\/2022\/06\/14\/llaman-a-reforzar-medidas-contra-el-covid-19\/\" target=\"_top\" rel=\"nofollow\"><span class=\"icon\"><\/span><span class=\"text\">Tweet<\/span><\/a><div class=\"onoffswitch2 mash-large mashsb-noshadow\" style=\"display:none\"><\/div><\/div>\n            <\/div>\n                <div style=\"clear:both\"><\/div><div class=\"mashsb-toggle-container\"><\/div><\/aside>\n            <!-- Share buttons by mashshare.net - Version: 4.0.47-->\n<p><em>Por \u00c1ngel Silverio\/Zunoticia<\/em><\/p>\n\n\n\n<p><strong>Jaltoc\u00e1n, Hgo.-<\/strong> La doctora Adriana Nava Hern\u00e1ndez dio a conocer que es necesario reforzar las medidas de prevenci\u00f3n contra el coronavirus, haciendo el llamado a que se contin\u00fae y se refuercen las medidas tanto en casa, como al salir a lugares p\u00fablicos.<\/p>\n\n\n\n<p>La regidora con la comisi\u00f3n en salud dijo que se prev\u00e9 la llegada de la quinta ola por covid-19, por ello es necesario qu\u00e9 la poblaci\u00f3n mantenga las medidas preventivas como lo es el uso de gel antibacterial, el uso de cubrebocas y mantener el constante lavado de manos, as\u00ed como tambi\u00e9n utilizar las mascarillas en los lugares cerrados.<\/p>\n\n\n\n<p>\u201cTenemos que estar muy alertas y bueno, aunque el riesgo ya es menor, porque la mayor\u00eda cuenta con sus respectivas vacunas, hay quienes a\u00fan no las tienen completas y otros que por alguna raz\u00f3n no se han puesto ni una dosis, entonces creo que es necesario que reforcemos las medidas y no lo tomemos a la ligera y que nos sigamos cuidando, es muy necesario que continuemos sobre todo con el uso del cubrebocas y del gel antibacterial\u201d indic\u00f3.<\/p>\n\n\n\n<p>Cabe mencionar que este pasado martes, autoridades municipales y estatales se reunieron con el prop\u00f3sito de dar a conocer que es necesario mantener las medidas de prevenci\u00f3n y reforzarlas en todos los municipios, para evitar que se presenten casos de esta mortal enfermedad.<\/p>\n","protected":false},"excerpt":{"rendered":"<p>Por \u00c1ngel Silverio\/Zunoticia Jaltoc\u00e1n, Hgo.- La doctora Adriana Nava Hern\u00e1ndez dio a conocer que es necesario reforzar las medidas de prevenci\u00f3n contra el coronavirus, haciendo el llamado a que se contin\u00fae y se refuercen las medidas tanto en casa, como al salir a lugares p\u00fablicos. La regidora con la comisi\u00f3n en salud dijo que se&hellip; <a class=\"more-link\" href=\"https:\/\/www.zunoticia.com\/noticias-de-hidalgo\/2022\/06\/14\/llaman-a-reforzar-medidas-contra-el-covid-19\/\">Seguir leyendo <span class=\"screen-reader-text\">Llaman a reforzar medidas contra el COVID-19<\/span><\/a><\/p>\n","protected":false},"author":12,"featured_media":430210,"comment_status":"open","ping_status":"open","sticky":false,"template":"","format":"standard","meta":{"rop_custom_images_group":[],"rop_custom_messages_group":[],"rop_publish_now":"initial","rop_publish_now_accounts":{"facebook_10159540855086992_322828327761733":""},"rop_publish_now_history":[],"rop_publish_now_status":"pending","footnotes":""},"categories":[179,200],"tags":[131],"class_list":["post-430223","post","type-post","status-publish","format-standard","has-post-thumbnail","hentry","category-huasteca","category-jaltocan","tag-jaltocan","entry"],"_links":{"self":[{"href":"https:\/\/www.zunoticia.com\/noticias-de-hidalgo\/wp-json\/wp\/v2\/posts\/430223","targetHints":{"allow":["GET"]}}],"collection":[{"href":"https:\/\/www.zunoticia.com\/noticias-de-hidalgo\/wp-json\/wp\/v2\/posts"}],"about":[{"href":"https:\/\/www.zunoticia.com\/noticias-de-hidalgo\/wp-json\/wp\/v2\/types\/post"}],"author":[{"embeddable":true,"href":"https:\/\/www.zunoticia.com\/noticias-de-hidalgo\/wp-json\/wp\/v2\/users\/12"}],"replies":[{"embeddable":true,"href":"https:\/\/www.zunoticia.com\/noticias-de-hidalgo\/wp-json\/wp\/v2\/comments?post=430223"}],"version-history":[{"count":1,"href":"https:\/\/www.zunoticia.com\/noticias-de-hidalgo\/wp-json\/wp\/v2\/posts\/430223\/revisions"}],"predecessor-version":[{"id":430224,"href":"https:\/\/www.zunoticia.com\/noticias-de-hidalgo\/wp-json\/wp\/v2\/posts\/430223\/revisions\/430224"}],"wp:featuredmedia":[{"embeddable":true,"href":"https:\/\/www.zunoticia.com\/noticias-de-hidalgo\/wp-json\/wp\/v2\/media\/430210"}],"wp:attachment":[{"href":"https:\/\/www.zunoticia.com\/noticias-de-hidalgo\/wp-json\/wp\/v2\/media?parent=430223"}],"wp:term":[{"taxonomy":"category","embeddable":true,"href":"https:\/\/www.zunoticia.com\/noticias-de-hidalgo\/wp-json\/wp\/v2\/categories?post=430223"},{"taxonomy":"post_tag","embeddable":true,"href":"https:\/\/www.zunoticia.com\/noticias-de-hidalgo\/wp-json\/wp\/v2\/tags?post=430223"}],"curies":[{"name":"wp","href":"https:\/\/api.w.org\/{rel}","templated":true}]}}