{"id":436209,"date":"2022-07-25T17:29:54","date_gmt":"2022-07-25T22:29:54","guid":{"rendered":"https:\/\/www.zunoticia.com\/noticias-de-hidalgo\/?p=436209"},"modified":"2022-07-25T17:29:56","modified_gmt":"2022-07-25T22:29:56","slug":"egresan-alumnos-de-la-teodomiro-manzano","status":"publish","type":"post","link":"https:\/\/www.zunoticia.com\/noticias-de-hidalgo\/2022\/07\/25\/egresan-alumnos-de-la-teodomiro-manzano\/","title":{"rendered":"Egresan alumnos de la \u201cTeodomiro Manzano\u201d"},"content":{"rendered":"<aside class=\"mashsb-container mashsb-main mashsb-stretched\"><div class=\"mashsb-box\"><div class=\"mashsb-count mash-large\" style=\"float:left\"><div class=\"counts mashsbcount\">24<\/div><span class=\"mashsb-sharetext\">SHARES<\/span><\/div><div class=\"mashsb-buttons\"><a class=\"mashicon-facebook mash-large mash-center mashsb-noshadow\" href=\"https:\/\/www.facebook.com\/sharer.php?u=https%3A%2F%2Fwww.zunoticia.com%2Fnoticias-de-hidalgo%2F2022%2F07%2F25%2Fegresan-alumnos-de-la-teodomiro-manzano%2F\" target=\"_top\" rel=\"nofollow\"><span class=\"icon\"><\/span><span class=\"text\">Share<\/span><\/a><a class=\"mashicon-twitter mash-large mash-center mashsb-noshadow\" href=\"https:\/\/twitter.com\/intent\/tweet?text=&amp;url=https:\/\/www.zunoticia.com\/noticias-de-hidalgo\/2022\/07\/25\/egresan-alumnos-de-la-teodomiro-manzano\/\" target=\"_top\" rel=\"nofollow\"><span class=\"icon\"><\/span><span class=\"text\">Tweet<\/span><\/a><div class=\"onoffswitch2 mash-large mashsb-noshadow\" style=\"display:none\"><\/div><\/div>\n            <\/div>\n                <div style=\"clear:both\"><\/div><div class=\"mashsb-toggle-container\"><\/div><\/aside>\n            <!-- Share buttons by mashshare.net - Version: 4.0.47-->\n<p><em>Por Roberto Meza\/Zunoticia<\/em><\/p>\n\n\n\n<p><strong>Huazalingo, Hgo. &#8211;<\/strong> Con un evento c\u00edvico y cultural alumnos de la primaria \u201cTeodomiro Manzano\u201d de la cabecera municipal, efectuaron su graduaci\u00f3n; Al acto acudieron autoridades municipales, educativas y los padres de familia, con esto, esta escuela entrega una generaci\u00f3n m\u00e1s de alumnos.<\/p>\n\n\n\n<figure class=\"wp-block-image size-large\"><img fetchpriority=\"high\" decoding=\"async\" width=\"1024\" height=\"768\" src=\"https:\/\/www.zunoticia.com\/noticias-de-hidalgo\/wp-content\/uploads\/2022\/07\/WhatsApp-Image-2022-07-25-at-5.21.19-PM-1024x768.jpeg\" alt=\"\" class=\"wp-image-436212\" srcset=\"https:\/\/www.zunoticia.com\/noticias-de-hidalgo\/wp-content\/uploads\/2022\/07\/WhatsApp-Image-2022-07-25-at-5.21.19-PM-1024x768.jpeg 1024w, https:\/\/www.zunoticia.com\/noticias-de-hidalgo\/wp-content\/uploads\/2022\/07\/WhatsApp-Image-2022-07-25-at-5.21.19-PM-300x225.jpeg 300w, https:\/\/www.zunoticia.com\/noticias-de-hidalgo\/wp-content\/uploads\/2022\/07\/WhatsApp-Image-2022-07-25-at-5.21.19-PM-768x576.jpeg 768w, https:\/\/www.zunoticia.com\/noticias-de-hidalgo\/wp-content\/uploads\/2022\/07\/WhatsApp-Image-2022-07-25-at-5.21.19-PM.jpeg 1040w\" sizes=\"(max-width: 1024px) 100vw, 1024px\" \/><figcaption><em>Se grad\u00faan alumnos de la primaria \u201cTeodomiro Manzano\u201d.<\/em><\/figcaption><\/figure>\n\n\n\n<p>En tan importante evento se cont\u00f3 con la presencia del director del plantel profesor Alfredo Morales; el presidente municipal de Huazalingo, el supervisor y maestros de esa escuela; tras llevarse los honores y el desarrollo de un programa, el director envi\u00f3 su mensaje a los presentes quien dijo, que este d\u00eda entregan la generaci\u00f3n 2016-2022, felicit\u00f3 y reconoci\u00f3 a los padres de familia por impulsar educaci\u00f3n de sus hijos al mismo tiempo los invit\u00f3 a seguir adelante en su formaci\u00f3n acad\u00e9mica.<\/p>\n\n\n\n<figure class=\"wp-block-image size-full\"><img decoding=\"async\" width=\"780\" height=\"674\" src=\"https:\/\/www.zunoticia.com\/noticias-de-hidalgo\/wp-content\/uploads\/2022\/07\/WhatsApp-Image-2022-07-25-at-5.21.19-PM-1.jpeg\" alt=\"\" class=\"wp-image-436211\" srcset=\"https:\/\/www.zunoticia.com\/noticias-de-hidalgo\/wp-content\/uploads\/2022\/07\/WhatsApp-Image-2022-07-25-at-5.21.19-PM-1.jpeg 780w, https:\/\/www.zunoticia.com\/noticias-de-hidalgo\/wp-content\/uploads\/2022\/07\/WhatsApp-Image-2022-07-25-at-5.21.19-PM-1-300x259.jpeg 300w, https:\/\/www.zunoticia.com\/noticias-de-hidalgo\/wp-content\/uploads\/2022\/07\/WhatsApp-Image-2022-07-25-at-5.21.19-PM-1-768x664.jpeg 768w\" sizes=\"(max-width: 780px) 100vw, 780px\" \/><\/figure>\n\n\n\n<p>El mun\u00edcipe tambi\u00e9n expuso su mensaje en este acto, dijo que en su gobierno es una prioridad la educaci\u00f3n de los ni\u00f1os y j\u00f3venes de Huazalingo, por eso est\u00e1n apoyando fuerte y decidido este rubro. En el evento entreg\u00f3 una impresora para beneficio de toda la comunidad estudiantil.<\/p>\n","protected":false},"excerpt":{"rendered":"<p>Por Roberto Meza\/Zunoticia Huazalingo, Hgo. &#8211; Con un evento c\u00edvico y cultural alumnos de la primaria \u201cTeodomiro Manzano\u201d de la cabecera municipal, efectuaron su graduaci\u00f3n; Al acto acudieron autoridades municipales, educativas y los padres de familia, con esto, esta escuela entrega una generaci\u00f3n m\u00e1s de alumnos. En tan importante evento se cont\u00f3 con la presencia&hellip; <a class=\"more-link\" href=\"https:\/\/www.zunoticia.com\/noticias-de-hidalgo\/2022\/07\/25\/egresan-alumnos-de-la-teodomiro-manzano\/\">Seguir leyendo <span class=\"screen-reader-text\">Egresan alumnos de la \u201cTeodomiro Manzano\u201d<\/span><\/a><\/p>\n","protected":false},"author":12,"featured_media":436210,"comment_status":"open","ping_status":"open","sticky":false,"template":"","format":"standard","meta":{"rop_custom_images_group":[],"rop_custom_messages_group":[],"rop_publish_now":"initial","rop_publish_now_accounts":{"facebook_10159540855086992_322828327761733":""},"rop_publish_now_history":[],"rop_publish_now_status":"pending","footnotes":""},"categories":[179,212],"tags":[138],"class_list":["post-436209","post","type-post","status-publish","format-standard","has-post-thumbnail","hentry","category-huasteca","category-huazalingo","tag-huazalingo","entry"],"_links":{"self":[{"href":"https:\/\/www.zunoticia.com\/noticias-de-hidalgo\/wp-json\/wp\/v2\/posts\/436209","targetHints":{"allow":["GET"]}}],"collection":[{"href":"https:\/\/www.zunoticia.com\/noticias-de-hidalgo\/wp-json\/wp\/v2\/posts"}],"about":[{"href":"https:\/\/www.zunoticia.com\/noticias-de-hidalgo\/wp-json\/wp\/v2\/types\/post"}],"author":[{"embeddable":true,"href":"https:\/\/www.zunoticia.com\/noticias-de-hidalgo\/wp-json\/wp\/v2\/users\/12"}],"replies":[{"embeddable":true,"href":"https:\/\/www.zunoticia.com\/noticias-de-hidalgo\/wp-json\/wp\/v2\/comments?post=436209"}],"version-history":[{"count":1,"href":"https:\/\/www.zunoticia.com\/noticias-de-hidalgo\/wp-json\/wp\/v2\/posts\/436209\/revisions"}],"predecessor-version":[{"id":436213,"href":"https:\/\/www.zunoticia.com\/noticias-de-hidalgo\/wp-json\/wp\/v2\/posts\/436209\/revisions\/436213"}],"wp:featuredmedia":[{"embeddable":true,"href":"https:\/\/www.zunoticia.com\/noticias-de-hidalgo\/wp-json\/wp\/v2\/media\/436210"}],"wp:attachment":[{"href":"https:\/\/www.zunoticia.com\/noticias-de-hidalgo\/wp-json\/wp\/v2\/media?parent=436209"}],"wp:term":[{"taxonomy":"category","embeddable":true,"href":"https:\/\/www.zunoticia.com\/noticias-de-hidalgo\/wp-json\/wp\/v2\/categories?post=436209"},{"taxonomy":"post_tag","embeddable":true,"href":"https:\/\/www.zunoticia.com\/noticias-de-hidalgo\/wp-json\/wp\/v2\/tags?post=436209"}],"curies":[{"name":"wp","href":"https:\/\/api.w.org\/{rel}","templated":true}]}}