{"id":436497,"date":"2022-07-27T16:32:38","date_gmt":"2022-07-27T21:32:38","guid":{"rendered":"https:\/\/www.zunoticia.com\/noticias-de-hidalgo\/?p=436497"},"modified":"2022-07-27T16:32:39","modified_gmt":"2022-07-27T21:32:39","slug":"conmemoraran-el-dia-internacional-de-los-pueblos-indigenas","status":"publish","type":"post","link":"https:\/\/www.zunoticia.com\/noticias-de-hidalgo\/2022\/07\/27\/conmemoraran-el-dia-internacional-de-los-pueblos-indigenas\/","title":{"rendered":"Conmemorar\u00e1n el d\u00eda internacional de los Pueblos Ind\u00edgenas"},"content":{"rendered":"<aside class=\"mashsb-container mashsb-main mashsb-stretched\"><div class=\"mashsb-box\"><div class=\"mashsb-count mash-large\" style=\"float:left\"><div class=\"counts mashsbcount\">11<\/div><span class=\"mashsb-sharetext\">SHARES<\/span><\/div><div class=\"mashsb-buttons\"><a class=\"mashicon-facebook mash-large mash-center mashsb-noshadow\" href=\"https:\/\/www.facebook.com\/sharer.php?u=https%3A%2F%2Fwww.zunoticia.com%2Fnoticias-de-hidalgo%2F2022%2F07%2F27%2Fconmemoraran-el-dia-internacional-de-los-pueblos-indigenas%2F\" target=\"_top\" rel=\"nofollow\"><span class=\"icon\"><\/span><span class=\"text\">Share<\/span><\/a><a class=\"mashicon-twitter mash-large mash-center mashsb-noshadow\" href=\"https:\/\/twitter.com\/intent\/tweet?text=&amp;url=https:\/\/www.zunoticia.com\/noticias-de-hidalgo\/2022\/07\/27\/conmemoraran-el-dia-internacional-de-los-pueblos-indigenas\/\" target=\"_top\" rel=\"nofollow\"><span class=\"icon\"><\/span><span class=\"text\">Tweet<\/span><\/a><div class=\"onoffswitch2 mash-large mashsb-noshadow\" style=\"display:none\"><\/div><\/div>\n            <\/div>\n                <div style=\"clear:both\"><\/div><div class=\"mashsb-toggle-container\"><\/div><\/aside>\n            <!-- Share buttons by mashshare.net - Version: 4.0.47-->\n<p><em>Por Roberto Meza\/Zunoticia<\/em><\/p>\n\n\n\n<p><strong>Huazalingo, Hgo. &#8211;<\/strong> A fin de reconocer la identidad cultural de los pueblos originarios de este municipio, conmemorar\u00e1n el d\u00eda internacional de los pueblos ind\u00edgenas a trav\u00e9s de diversas actividades que se tienen previstas desarrollarse y con ello, darles la importancia en el n\u00facleo de la sociedad; por lo que con toda anticipaci\u00f3n est\u00e1n trabajando en la programaci\u00f3n de las acciones.<\/p>\n\n\n\n<p>Patricia \u00c1ngeles Mart\u00ednez, directora de Desarrollo Social Municipal, dijo que ya est\u00e1n trabajando en la organizaci\u00f3n de este evento y se busca hacer un programa art\u00edstico &#8211; cultural para exponer la importancia que ocupan los pueblos ind\u00edgenas, su cultura, su gastronom\u00eda, su lugar en la sociedad y con ello, reconocer cada uno de los pueblos de Huazalingo.<\/p>\n\n\n\n<p>Adelant\u00f3 que, el festejo se llevar\u00e1 a cabo la segunda semana del mes de agosto, por lo que con toda oportunidad se est\u00e1n programando las actividades que se desarrollar\u00e1n en ese d\u00eda; Se les har\u00e1 la invitaci\u00f3n a los delegados para que se sumen a esta conmemoraci\u00f3n.<\/p>\n","protected":false},"excerpt":{"rendered":"<p>Por Roberto Meza\/Zunoticia Huazalingo, Hgo. &#8211; A fin de reconocer la identidad cultural de los pueblos originarios de este municipio, conmemorar\u00e1n el d\u00eda internacional de los pueblos ind\u00edgenas a trav\u00e9s de diversas actividades que se tienen previstas desarrollarse y con ello, darles la importancia en el n\u00facleo de la sociedad; por lo que con toda&hellip; <a class=\"more-link\" href=\"https:\/\/www.zunoticia.com\/noticias-de-hidalgo\/2022\/07\/27\/conmemoraran-el-dia-internacional-de-los-pueblos-indigenas\/\">Seguir leyendo <span class=\"screen-reader-text\">Conmemorar\u00e1n el d\u00eda internacional de los Pueblos Ind\u00edgenas<\/span><\/a><\/p>\n","protected":false},"author":12,"featured_media":436498,"comment_status":"open","ping_status":"open","sticky":false,"template":"","format":"standard","meta":{"rop_custom_images_group":[],"rop_custom_messages_group":[],"rop_publish_now":"initial","rop_publish_now_accounts":{"facebook_10159540855086992_322828327761733":""},"rop_publish_now_history":[],"rop_publish_now_status":"pending","footnotes":""},"categories":[179,212],"tags":[138],"class_list":["post-436497","post","type-post","status-publish","format-standard","has-post-thumbnail","hentry","category-huasteca","category-huazalingo","tag-huazalingo","entry"],"_links":{"self":[{"href":"https:\/\/www.zunoticia.com\/noticias-de-hidalgo\/wp-json\/wp\/v2\/posts\/436497","targetHints":{"allow":["GET"]}}],"collection":[{"href":"https:\/\/www.zunoticia.com\/noticias-de-hidalgo\/wp-json\/wp\/v2\/posts"}],"about":[{"href":"https:\/\/www.zunoticia.com\/noticias-de-hidalgo\/wp-json\/wp\/v2\/types\/post"}],"author":[{"embeddable":true,"href":"https:\/\/www.zunoticia.com\/noticias-de-hidalgo\/wp-json\/wp\/v2\/users\/12"}],"replies":[{"embeddable":true,"href":"https:\/\/www.zunoticia.com\/noticias-de-hidalgo\/wp-json\/wp\/v2\/comments?post=436497"}],"version-history":[{"count":1,"href":"https:\/\/www.zunoticia.com\/noticias-de-hidalgo\/wp-json\/wp\/v2\/posts\/436497\/revisions"}],"predecessor-version":[{"id":436499,"href":"https:\/\/www.zunoticia.com\/noticias-de-hidalgo\/wp-json\/wp\/v2\/posts\/436497\/revisions\/436499"}],"wp:featuredmedia":[{"embeddable":true,"href":"https:\/\/www.zunoticia.com\/noticias-de-hidalgo\/wp-json\/wp\/v2\/media\/436498"}],"wp:attachment":[{"href":"https:\/\/www.zunoticia.com\/noticias-de-hidalgo\/wp-json\/wp\/v2\/media?parent=436497"}],"wp:term":[{"taxonomy":"category","embeddable":true,"href":"https:\/\/www.zunoticia.com\/noticias-de-hidalgo\/wp-json\/wp\/v2\/categories?post=436497"},{"taxonomy":"post_tag","embeddable":true,"href":"https:\/\/www.zunoticia.com\/noticias-de-hidalgo\/wp-json\/wp\/v2\/tags?post=436497"}],"curies":[{"name":"wp","href":"https:\/\/api.w.org\/{rel}","templated":true}]}}