{"id":436553,"date":"2022-07-27T18:11:09","date_gmt":"2022-07-27T23:11:09","guid":{"rendered":"https:\/\/www.zunoticia.com\/noticias-de-hidalgo\/?p=436553"},"modified":"2022-07-27T18:11:11","modified_gmt":"2022-07-27T23:11:11","slug":"se-hirio-al-caer-de-su-motocicleta-2","status":"publish","type":"post","link":"https:\/\/www.zunoticia.com\/noticias-de-hidalgo\/2022\/07\/27\/se-hirio-al-caer-de-su-motocicleta-2\/","title":{"rendered":"Se hiri\u00f3 al caer de su motocicleta"},"content":{"rendered":"<aside class=\"mashsb-container mashsb-main mashsb-stretched\"><div class=\"mashsb-box\"><div class=\"mashsb-count mash-large\" style=\"float:left\"><div class=\"counts mashsbcount\">34<\/div><span class=\"mashsb-sharetext\">SHARES<\/span><\/div><div class=\"mashsb-buttons\"><a class=\"mashicon-facebook mash-large mash-center mashsb-noshadow\" href=\"https:\/\/www.facebook.com\/sharer.php?u=https%3A%2F%2Fwww.zunoticia.com%2Fnoticias-de-hidalgo%2F2022%2F07%2F27%2Fse-hirio-al-caer-de-su-motocicleta-2%2F\" target=\"_top\" rel=\"nofollow\"><span class=\"icon\"><\/span><span class=\"text\">Share<\/span><\/a><a class=\"mashicon-twitter mash-large mash-center mashsb-noshadow\" href=\"https:\/\/twitter.com\/intent\/tweet?text=&amp;url=https:\/\/www.zunoticia.com\/noticias-de-hidalgo\/2022\/07\/27\/se-hirio-al-caer-de-su-motocicleta-2\/\" target=\"_top\" rel=\"nofollow\"><span class=\"icon\"><\/span><span class=\"text\">Tweet<\/span><\/a><div class=\"onoffswitch2 mash-large mashsb-noshadow\" style=\"display:none\"><\/div><\/div>\n            <\/div>\n                <div style=\"clear:both\"><\/div><div class=\"mashsb-toggle-container\"><\/div><\/aside>\n            <!-- Share buttons by mashshare.net - Version: 4.0.47-->\n<p><em>Por Roberto Meza\/Zunoticia<\/em><\/p>\n\n\n\n<p><strong>Yahualica, Hgo. &#8211;<\/strong> Un hombre quien presuntamente viajaba a exceso de velocidad en su motocicleta, estuvo a punto de perder la vida; este perdi\u00f3 el control tras meterse a un hoyanco y al caer en la cinta asf\u00e1ltica se lesion\u00f3; accidente que ocurri\u00f3 sobre v\u00eda estatal Atlapexco- Calnali.<\/p>\n\n\n\n<p>Este hombre fue auxiliado por unos automovilistas que transitaban en ese lugar y a bordo de un auto particular fue trasladado al Hospital Integral.<\/p>\n\n\n\n<p>El incidente ocurri\u00f3 la ma\u00f1ana del pasado mi\u00e9rcoles, alrededor de la 8:00 a.m., cuando presuntamente la persona de nombre Federico N.N., de 21 a\u00f1os de edad, al manejar a exceso de velocidad, se meti\u00f3 a un bache en una curva, derrap\u00f3, saliendo proyectado varios metros, sufriendo varias heridas.<\/p>\n\n\n\n<p>El motociclista fue subido a un autom\u00f3vil, presentaba una hemorragia en la frente y fue llevado al Hospital Integral para su atenci\u00f3n m\u00e9dica.<\/p>\n","protected":false},"excerpt":{"rendered":"<p>Por Roberto Meza\/Zunoticia Yahualica, Hgo. &#8211; Un hombre quien presuntamente viajaba a exceso de velocidad en su motocicleta, estuvo a punto de perder la vida; este perdi\u00f3 el control tras meterse a un hoyanco y al caer en la cinta asf\u00e1ltica se lesion\u00f3; accidente que ocurri\u00f3 sobre v\u00eda estatal Atlapexco- Calnali. Este hombre fue auxiliado&hellip; <a class=\"more-link\" href=\"https:\/\/www.zunoticia.com\/noticias-de-hidalgo\/2022\/07\/27\/se-hirio-al-caer-de-su-motocicleta-2\/\">Seguir leyendo <span class=\"screen-reader-text\">Se hiri\u00f3 al caer de su motocicleta<\/span><\/a><\/p>\n","protected":false},"author":12,"featured_media":436554,"comment_status":"open","ping_status":"open","sticky":false,"template":"","format":"standard","meta":{"rop_custom_images_group":[],"rop_custom_messages_group":[],"rop_publish_now":"initial","rop_publish_now_accounts":{"facebook_10159540855086992_322828327761733":""},"rop_publish_now_history":[],"rop_publish_now_status":"pending","footnotes":""},"categories":[179,203],"tags":[123],"class_list":["post-436553","post","type-post","status-publish","format-standard","has-post-thumbnail","hentry","category-huasteca","category-yahualica","tag-yahualica","entry"],"_links":{"self":[{"href":"https:\/\/www.zunoticia.com\/noticias-de-hidalgo\/wp-json\/wp\/v2\/posts\/436553","targetHints":{"allow":["GET"]}}],"collection":[{"href":"https:\/\/www.zunoticia.com\/noticias-de-hidalgo\/wp-json\/wp\/v2\/posts"}],"about":[{"href":"https:\/\/www.zunoticia.com\/noticias-de-hidalgo\/wp-json\/wp\/v2\/types\/post"}],"author":[{"embeddable":true,"href":"https:\/\/www.zunoticia.com\/noticias-de-hidalgo\/wp-json\/wp\/v2\/users\/12"}],"replies":[{"embeddable":true,"href":"https:\/\/www.zunoticia.com\/noticias-de-hidalgo\/wp-json\/wp\/v2\/comments?post=436553"}],"version-history":[{"count":1,"href":"https:\/\/www.zunoticia.com\/noticias-de-hidalgo\/wp-json\/wp\/v2\/posts\/436553\/revisions"}],"predecessor-version":[{"id":436555,"href":"https:\/\/www.zunoticia.com\/noticias-de-hidalgo\/wp-json\/wp\/v2\/posts\/436553\/revisions\/436555"}],"wp:featuredmedia":[{"embeddable":true,"href":"https:\/\/www.zunoticia.com\/noticias-de-hidalgo\/wp-json\/wp\/v2\/media\/436554"}],"wp:attachment":[{"href":"https:\/\/www.zunoticia.com\/noticias-de-hidalgo\/wp-json\/wp\/v2\/media?parent=436553"}],"wp:term":[{"taxonomy":"category","embeddable":true,"href":"https:\/\/www.zunoticia.com\/noticias-de-hidalgo\/wp-json\/wp\/v2\/categories?post=436553"},{"taxonomy":"post_tag","embeddable":true,"href":"https:\/\/www.zunoticia.com\/noticias-de-hidalgo\/wp-json\/wp\/v2\/tags?post=436553"}],"curies":[{"name":"wp","href":"https:\/\/api.w.org\/{rel}","templated":true}]}}