{"id":437169,"date":"2022-08-01T16:35:09","date_gmt":"2022-08-01T21:35:09","guid":{"rendered":"https:\/\/www.zunoticia.com\/noticias-de-hidalgo\/?p=437169"},"modified":"2022-08-01T16:35:11","modified_gmt":"2022-08-01T21:35:11","slug":"inauguran-talleres-de-verano-en-el-municipio","status":"publish","type":"post","link":"https:\/\/www.zunoticia.com\/noticias-de-hidalgo\/2022\/08\/01\/inauguran-talleres-de-verano-en-el-municipio\/","title":{"rendered":"Inauguran talleres de verano en el municipio"},"content":{"rendered":"<aside class=\"mashsb-container mashsb-main mashsb-stretched\"><div class=\"mashsb-box\"><div class=\"mashsb-count mash-large\" style=\"float:left\"><div class=\"counts mashsbcount\">24<\/div><span class=\"mashsb-sharetext\">SHARES<\/span><\/div><div class=\"mashsb-buttons\"><a class=\"mashicon-facebook mash-large mash-center mashsb-noshadow\" href=\"https:\/\/www.facebook.com\/sharer.php?u=https%3A%2F%2Fwww.zunoticia.com%2Fnoticias-de-hidalgo%2F2022%2F08%2F01%2Finauguran-talleres-de-verano-en-el-municipio%2F\" target=\"_top\" rel=\"nofollow\"><span class=\"icon\"><\/span><span class=\"text\">Share<\/span><\/a><a class=\"mashicon-twitter mash-large mash-center mashsb-noshadow\" href=\"https:\/\/twitter.com\/intent\/tweet?text=&amp;url=https:\/\/www.zunoticia.com\/noticias-de-hidalgo\/2022\/08\/01\/inauguran-talleres-de-verano-en-el-municipio\/\" target=\"_top\" rel=\"nofollow\"><span class=\"icon\"><\/span><span class=\"text\">Tweet<\/span><\/a><div class=\"onoffswitch2 mash-large mashsb-noshadow\" style=\"display:none\"><\/div><\/div>\n            <\/div>\n                <div style=\"clear:both\"><\/div><div class=\"mashsb-toggle-container\"><\/div><\/aside>\n            <!-- Share buttons by mashshare.net - Version: 4.0.47-->\n<p><em>Por Pedro Luciano\/Zunoticia<\/em><\/p>\n\n\n\n<p><strong>Atlapexco, Hgo. &#8211;<\/strong> Siendo necesarios los espacios de esparcimiento y de la sana formaci\u00f3n entre los menores de edad, la administraci\u00f3n p\u00fablica municipal a trav\u00e9s del \u00e1rea de Cultura se ha encargado de inaugurar los talleres de verano dirigidos a los jovencitos pertenecientes a Atlapexco, as\u00ed como tambi\u00e9n recibiendo a ni\u00f1os de otros municipios.<\/p>\n\n\n\n<p>Refiri\u00f3 Jaciel Rodr\u00edguez Palacios que, dichos talleres son dirigidos especialmente para aquellos ni\u00f1os y ni\u00f1as de entre 2 a 12 a\u00f1os edad, los cuales se busca desarrollen diferentes habilidades que les permitan desempe\u00f1arse de forma m\u00e1s adecuada en la vida cotidiana, adquiriendo h\u00e1bitos y practicas sanas, en vez de que sea el ocio el que predomine en las vacaciones que tendr\u00e1n.<\/p>\n\n\n\n<p>Dichos talleres tendr\u00e1n una duraci\u00f3n aproximadamente de tres semanas, en las cuales se estar\u00e1n impartiendo por dos horas al d\u00eda, en donde los ni\u00f1os y ni\u00f1as pertenecientes al municipio podr\u00e1n practicar diversas habilidades; as\u00ed tambi\u00e9n menores de otros municipios tales como Xochiatipan, Yahualica y Huautla, pues de igual forma se han inscrito a estos talleres, dando un total de 70 menores de estos municipios.<\/p>\n\n\n\n<p>Concluy\u00f3 refiriendo que dichos n\u00fameros variar\u00e1n en los siguientes d\u00edas, pues se estima otros padres de familia se interesen en la inscripci\u00f3n de sus hijos a estos talleres.<\/p>\n","protected":false},"excerpt":{"rendered":"<p>Por Pedro Luciano\/Zunoticia Atlapexco, Hgo. &#8211; Siendo necesarios los espacios de esparcimiento y de la sana formaci\u00f3n entre los menores de edad, la administraci\u00f3n p\u00fablica municipal a trav\u00e9s del \u00e1rea de Cultura se ha encargado de inaugurar los talleres de verano dirigidos a los jovencitos pertenecientes a Atlapexco, as\u00ed como tambi\u00e9n recibiendo a ni\u00f1os de&hellip; <a class=\"more-link\" href=\"https:\/\/www.zunoticia.com\/noticias-de-hidalgo\/2022\/08\/01\/inauguran-talleres-de-verano-en-el-municipio\/\">Seguir leyendo <span class=\"screen-reader-text\">Inauguran talleres de verano en el municipio<\/span><\/a><\/p>\n","protected":false},"author":12,"featured_media":437170,"comment_status":"open","ping_status":"open","sticky":false,"template":"","format":"standard","meta":{"rop_custom_images_group":[],"rop_custom_messages_group":[],"rop_publish_now":"initial","rop_publish_now_accounts":{"facebook_10159540855086992_322828327761733":""},"rop_publish_now_history":[],"rop_publish_now_status":"pending","footnotes":""},"categories":[182],"tags":[133],"class_list":["post-437169","post","type-post","status-publish","format-standard","has-post-thumbnail","hentry","category-atlapexco","tag-atlapexco","entry"],"_links":{"self":[{"href":"https:\/\/www.zunoticia.com\/noticias-de-hidalgo\/wp-json\/wp\/v2\/posts\/437169","targetHints":{"allow":["GET"]}}],"collection":[{"href":"https:\/\/www.zunoticia.com\/noticias-de-hidalgo\/wp-json\/wp\/v2\/posts"}],"about":[{"href":"https:\/\/www.zunoticia.com\/noticias-de-hidalgo\/wp-json\/wp\/v2\/types\/post"}],"author":[{"embeddable":true,"href":"https:\/\/www.zunoticia.com\/noticias-de-hidalgo\/wp-json\/wp\/v2\/users\/12"}],"replies":[{"embeddable":true,"href":"https:\/\/www.zunoticia.com\/noticias-de-hidalgo\/wp-json\/wp\/v2\/comments?post=437169"}],"version-history":[{"count":1,"href":"https:\/\/www.zunoticia.com\/noticias-de-hidalgo\/wp-json\/wp\/v2\/posts\/437169\/revisions"}],"predecessor-version":[{"id":437171,"href":"https:\/\/www.zunoticia.com\/noticias-de-hidalgo\/wp-json\/wp\/v2\/posts\/437169\/revisions\/437171"}],"wp:featuredmedia":[{"embeddable":true,"href":"https:\/\/www.zunoticia.com\/noticias-de-hidalgo\/wp-json\/wp\/v2\/media\/437170"}],"wp:attachment":[{"href":"https:\/\/www.zunoticia.com\/noticias-de-hidalgo\/wp-json\/wp\/v2\/media?parent=437169"}],"wp:term":[{"taxonomy":"category","embeddable":true,"href":"https:\/\/www.zunoticia.com\/noticias-de-hidalgo\/wp-json\/wp\/v2\/categories?post=437169"},{"taxonomy":"post_tag","embeddable":true,"href":"https:\/\/www.zunoticia.com\/noticias-de-hidalgo\/wp-json\/wp\/v2\/tags?post=437169"}],"curies":[{"name":"wp","href":"https:\/\/api.w.org\/{rel}","templated":true}]}}