{"id":437175,"date":"2022-08-01T16:38:34","date_gmt":"2022-08-01T21:38:34","guid":{"rendered":"https:\/\/www.zunoticia.com\/noticias-de-hidalgo\/?p=437175"},"modified":"2022-08-01T16:38:37","modified_gmt":"2022-08-01T21:38:37","slug":"insuficientes-las-lluvias-que-han-caido-en-la-zona-huasteca-avr","status":"publish","type":"post","link":"https:\/\/www.zunoticia.com\/noticias-de-hidalgo\/2022\/08\/01\/insuficientes-las-lluvias-que-han-caido-en-la-zona-huasteca-avr\/","title":{"rendered":"Insuficientes las lluvias que han ca\u00eddo en la zona huasteca: AVR"},"content":{"rendered":"<aside class=\"mashsb-container mashsb-main mashsb-stretched\"><div class=\"mashsb-box\"><div class=\"mashsb-count mash-large\" style=\"float:left\"><div class=\"counts mashsbcount\">3<\/div><span class=\"mashsb-sharetext\">SHARES<\/span><\/div><div class=\"mashsb-buttons\"><a class=\"mashicon-facebook mash-large mash-center mashsb-noshadow\" href=\"https:\/\/www.facebook.com\/sharer.php?u=https%3A%2F%2Fwww.zunoticia.com%2Fnoticias-de-hidalgo%2F2022%2F08%2F01%2Finsuficientes-las-lluvias-que-han-caido-en-la-zona-huasteca-avr%2F\" target=\"_top\" rel=\"nofollow\"><span class=\"icon\"><\/span><span class=\"text\">Share<\/span><\/a><a class=\"mashicon-twitter mash-large mash-center mashsb-noshadow\" href=\"https:\/\/twitter.com\/intent\/tweet?text=&amp;url=https:\/\/www.zunoticia.com\/noticias-de-hidalgo\/2022\/08\/01\/insuficientes-las-lluvias-que-han-caido-en-la-zona-huasteca-avr\/\" target=\"_top\" rel=\"nofollow\"><span class=\"icon\"><\/span><span class=\"text\">Tweet<\/span><\/a><div class=\"onoffswitch2 mash-large mashsb-noshadow\" style=\"display:none\"><\/div><\/div>\n            <\/div>\n                <div style=\"clear:both\"><\/div><div class=\"mashsb-toggle-container\"><\/div><\/aside>\n            <!-- Share buttons by mashshare.net - Version: 4.0.47-->\n<p><em>Por Enedino Hern\u00e1ndez\/Zunoticia<\/em><\/p>\n\n\n\n<p><strong>Huejutla, Hgo. &#8211;<\/strong> \u201cHasta el momento son insuficientes las lluvias que han ca\u00eddo en esta zona de la huasteca, por lo que es indispensable que haya m\u00e1s agua para con ello poder fortalecer la actividad en el campo\u201d, expone el Ingeniero Ad\u00e1n Vite Ram\u00edrez, representante de la Red Agropecuaria Sierra y Huasteca.<\/p>\n\n\n\n<p>Reconoci\u00f3 que todas las lluvias son ben\u00e9ficas, pero desafortunadamente las que han ca\u00eddo actualmente son insuficientes para reactivar la actividad de los trabajadores del campo \u201cestamos en pleno periodo canicular, un periodo de seca, los aguaceritos son una bendici\u00f3n, pero, as\u00ed como caen se evaporan por el calentamiento de la tierra\u201d.<\/p>\n\n\n\n<p>Insisti\u00f3 que las lluvias no son suficientes, pues hace falta mucha lluvia \u201cparece que vamos a tener unos 15 d\u00edas sin lluvia, despu\u00e9s del 15 de agosto esperamos que las lluvias se normalicen por la temporada; por el momento las lluvias caen y pasan, aunque venga el aguacero no se resuelve el problema de la falta de agua, todo est\u00e1 muy seco, necesitamos m\u00e1s lluvia\u201d.<\/p>\n\n\n\n<p>Coment\u00f3 que, por el periodo canicular la zona es seca, no hay mayores lluvias, por lo tanto, la actividad en el campo es poca, y resalt\u00f3 que se espera mejorar un poco despu\u00e9s del 15 de agosto, cuando por la temporada podr\u00eda ser m\u00e1s activo.<\/p>\n\n\n\n<p>Ad\u00e1n Vite Ram\u00edrez, recomend\u00f3 a los trabajadores del campo que no quemen la basura, que lo dejen secar, ya que es un colch\u00f3n que absorbe la humedad, los campos est\u00e1n muy pobres por las quemas, por lo tanto, las \u00e1reas forestales deben de fortalecerse.<\/p>\n","protected":false},"excerpt":{"rendered":"<p>Por Enedino Hern\u00e1ndez\/Zunoticia Huejutla, Hgo. &#8211; \u201cHasta el momento son insuficientes las lluvias que han ca\u00eddo en esta zona de la huasteca, por lo que es indispensable que haya m\u00e1s agua para con ello poder fortalecer la actividad en el campo\u201d, expone el Ingeniero Ad\u00e1n Vite Ram\u00edrez, representante de la Red Agropecuaria Sierra y Huasteca.&hellip; <a class=\"more-link\" href=\"https:\/\/www.zunoticia.com\/noticias-de-hidalgo\/2022\/08\/01\/insuficientes-las-lluvias-que-han-caido-en-la-zona-huasteca-avr\/\">Seguir leyendo <span class=\"screen-reader-text\">Insuficientes las lluvias que han ca\u00eddo en la zona huasteca: AVR<\/span><\/a><\/p>\n","protected":false},"author":12,"featured_media":437176,"comment_status":"open","ping_status":"open","sticky":false,"template":"","format":"standard","meta":{"rop_custom_images_group":[],"rop_custom_messages_group":[],"rop_publish_now":"initial","rop_publish_now_accounts":{"facebook_10159540855086992_322828327761733":""},"rop_publish_now_history":[],"rop_publish_now_status":"pending","footnotes":""},"categories":[181],"tags":[121],"class_list":["post-437175","post","type-post","status-publish","format-standard","has-post-thumbnail","hentry","category-huejutla","tag-huejutla","entry"],"_links":{"self":[{"href":"https:\/\/www.zunoticia.com\/noticias-de-hidalgo\/wp-json\/wp\/v2\/posts\/437175","targetHints":{"allow":["GET"]}}],"collection":[{"href":"https:\/\/www.zunoticia.com\/noticias-de-hidalgo\/wp-json\/wp\/v2\/posts"}],"about":[{"href":"https:\/\/www.zunoticia.com\/noticias-de-hidalgo\/wp-json\/wp\/v2\/types\/post"}],"author":[{"embeddable":true,"href":"https:\/\/www.zunoticia.com\/noticias-de-hidalgo\/wp-json\/wp\/v2\/users\/12"}],"replies":[{"embeddable":true,"href":"https:\/\/www.zunoticia.com\/noticias-de-hidalgo\/wp-json\/wp\/v2\/comments?post=437175"}],"version-history":[{"count":1,"href":"https:\/\/www.zunoticia.com\/noticias-de-hidalgo\/wp-json\/wp\/v2\/posts\/437175\/revisions"}],"predecessor-version":[{"id":437177,"href":"https:\/\/www.zunoticia.com\/noticias-de-hidalgo\/wp-json\/wp\/v2\/posts\/437175\/revisions\/437177"}],"wp:featuredmedia":[{"embeddable":true,"href":"https:\/\/www.zunoticia.com\/noticias-de-hidalgo\/wp-json\/wp\/v2\/media\/437176"}],"wp:attachment":[{"href":"https:\/\/www.zunoticia.com\/noticias-de-hidalgo\/wp-json\/wp\/v2\/media?parent=437175"}],"wp:term":[{"taxonomy":"category","embeddable":true,"href":"https:\/\/www.zunoticia.com\/noticias-de-hidalgo\/wp-json\/wp\/v2\/categories?post=437175"},{"taxonomy":"post_tag","embeddable":true,"href":"https:\/\/www.zunoticia.com\/noticias-de-hidalgo\/wp-json\/wp\/v2\/tags?post=437175"}],"curies":[{"name":"wp","href":"https:\/\/api.w.org\/{rel}","templated":true}]}}