{"id":438289,"date":"2022-08-09T16:00:06","date_gmt":"2022-08-09T21:00:06","guid":{"rendered":"https:\/\/www.zunoticia.com\/noticias-de-hidalgo\/?p=438289"},"modified":"2022-08-09T16:00:08","modified_gmt":"2022-08-09T21:00:08","slug":"temporada-adecuada-para-plantacion-de-cafe","status":"publish","type":"post","link":"https:\/\/www.zunoticia.com\/noticias-de-hidalgo\/2022\/08\/09\/temporada-adecuada-para-plantacion-de-cafe\/","title":{"rendered":"Temporada adecuada para plantaci\u00f3n de caf\u00e9"},"content":{"rendered":"<aside class=\"mashsb-container mashsb-main mashsb-stretched\"><div class=\"mashsb-box\"><div class=\"mashsb-count mash-large\" style=\"float:left\"><div class=\"counts mashsbcount\">26<\/div><span class=\"mashsb-sharetext\">SHARES<\/span><\/div><div class=\"mashsb-buttons\"><a class=\"mashicon-facebook mash-large mash-center mashsb-noshadow\" href=\"https:\/\/www.facebook.com\/sharer.php?u=https%3A%2F%2Fwww.zunoticia.com%2Fnoticias-de-hidalgo%2F2022%2F08%2F09%2Ftemporada-adecuada-para-plantacion-de-cafe%2F\" target=\"_top\" rel=\"nofollow\"><span class=\"icon\"><\/span><span class=\"text\">Share<\/span><\/a><a class=\"mashicon-twitter mash-large mash-center mashsb-noshadow\" href=\"https:\/\/twitter.com\/intent\/tweet?text=&amp;url=https:\/\/www.zunoticia.com\/noticias-de-hidalgo\/2022\/08\/09\/temporada-adecuada-para-plantacion-de-cafe\/\" target=\"_top\" rel=\"nofollow\"><span class=\"icon\"><\/span><span class=\"text\">Tweet<\/span><\/a><div class=\"onoffswitch2 mash-large mashsb-noshadow\" style=\"display:none\"><\/div><\/div>\n            <\/div>\n                <div style=\"clear:both\"><\/div><div class=\"mashsb-toggle-container\"><\/div><\/aside>\n            <!-- Share buttons by mashshare.net - Version: 4.0.47-->\n<p><em>Por Enedino Hern\u00e1ndez\/Zunoticia<\/em><\/p>\n\n\n\n<p><strong>Huejutla, Hgo. &#8211;<\/strong> La actual temporada es la adecuada para realizar la plantaci\u00f3n de caf\u00e9 en esta zona de Hidalgo, se\u00f1al\u00f3 el representante de la Alianza de Productores Agropecuarios y Cafetaleros de Hidalgo, Refugio Bautista Hern\u00e1ndez.<\/p>\n\n\n\n<p>Explic\u00f3 que en estos momentos los productores de caf\u00e9 proceden a sembrar una variedad de plantas de caf\u00e9, enfocados en fortalecer sus espacios en donde ya cuentan con plantaciones del citado arom\u00e1tico.<\/p>\n\n\n\n<p>Reconoci\u00f3 que, las condiciones climatol\u00f3gicas son excelentes para fortalecer los trabajos en el campo, por lo que pidi\u00f3 a los productores de caf\u00e9, seguir con el proyecto encaminado y la siembra o plantaci\u00f3n del caf\u00e9.<\/p>\n\n\n\n<p>Asimismo, dijo que, se tiene una cantidad variable de productores de caf\u00e9 en la sierra y la huasteca de Hidalgo, sobresaliendo en este aspecto los municipios de Huejutla de Reyes, Huazalingo, Jaltoc\u00e1n y Tlanchinol.<\/p>\n\n\n\n<p>Concluy\u00f3 que, para la siguiente temporada se mantienen con la confianza de poder alcanzar una buena producci\u00f3n de caf\u00e9, por lo que invita a los cafetaleros a cuidar sus plantaciones que tienen en la sierra y huasteca.<\/p>\n","protected":false},"excerpt":{"rendered":"<p>Por Enedino Hern\u00e1ndez\/Zunoticia Huejutla, Hgo. &#8211; La actual temporada es la adecuada para realizar la plantaci\u00f3n de caf\u00e9 en esta zona de Hidalgo, se\u00f1al\u00f3 el representante de la Alianza de Productores Agropecuarios y Cafetaleros de Hidalgo, Refugio Bautista Hern\u00e1ndez. Explic\u00f3 que en estos momentos los productores de caf\u00e9 proceden a sembrar una variedad de plantas&hellip; <a class=\"more-link\" href=\"https:\/\/www.zunoticia.com\/noticias-de-hidalgo\/2022\/08\/09\/temporada-adecuada-para-plantacion-de-cafe\/\">Seguir leyendo <span class=\"screen-reader-text\">Temporada adecuada para plantaci\u00f3n de caf\u00e9<\/span><\/a><\/p>\n","protected":false},"author":12,"featured_media":438293,"comment_status":"open","ping_status":"open","sticky":false,"template":"","format":"standard","meta":{"rop_custom_images_group":[],"rop_custom_messages_group":[],"rop_publish_now":"initial","rop_publish_now_accounts":{"facebook_10159540855086992_322828327761733":""},"rop_publish_now_history":[],"rop_publish_now_status":"pending","footnotes":""},"categories":[181],"tags":[121],"class_list":["post-438289","post","type-post","status-publish","format-standard","has-post-thumbnail","hentry","category-huejutla","tag-huejutla","entry"],"_links":{"self":[{"href":"https:\/\/www.zunoticia.com\/noticias-de-hidalgo\/wp-json\/wp\/v2\/posts\/438289","targetHints":{"allow":["GET"]}}],"collection":[{"href":"https:\/\/www.zunoticia.com\/noticias-de-hidalgo\/wp-json\/wp\/v2\/posts"}],"about":[{"href":"https:\/\/www.zunoticia.com\/noticias-de-hidalgo\/wp-json\/wp\/v2\/types\/post"}],"author":[{"embeddable":true,"href":"https:\/\/www.zunoticia.com\/noticias-de-hidalgo\/wp-json\/wp\/v2\/users\/12"}],"replies":[{"embeddable":true,"href":"https:\/\/www.zunoticia.com\/noticias-de-hidalgo\/wp-json\/wp\/v2\/comments?post=438289"}],"version-history":[{"count":1,"href":"https:\/\/www.zunoticia.com\/noticias-de-hidalgo\/wp-json\/wp\/v2\/posts\/438289\/revisions"}],"predecessor-version":[{"id":438294,"href":"https:\/\/www.zunoticia.com\/noticias-de-hidalgo\/wp-json\/wp\/v2\/posts\/438289\/revisions\/438294"}],"wp:featuredmedia":[{"embeddable":true,"href":"https:\/\/www.zunoticia.com\/noticias-de-hidalgo\/wp-json\/wp\/v2\/media\/438293"}],"wp:attachment":[{"href":"https:\/\/www.zunoticia.com\/noticias-de-hidalgo\/wp-json\/wp\/v2\/media?parent=438289"}],"wp:term":[{"taxonomy":"category","embeddable":true,"href":"https:\/\/www.zunoticia.com\/noticias-de-hidalgo\/wp-json\/wp\/v2\/categories?post=438289"},{"taxonomy":"post_tag","embeddable":true,"href":"https:\/\/www.zunoticia.com\/noticias-de-hidalgo\/wp-json\/wp\/v2\/tags?post=438289"}],"curies":[{"name":"wp","href":"https:\/\/api.w.org\/{rel}","templated":true}]}}