{"id":438306,"date":"2022-08-09T16:19:46","date_gmt":"2022-08-09T21:19:46","guid":{"rendered":"https:\/\/www.zunoticia.com\/noticias-de-hidalgo\/?p=438306"},"modified":"2022-08-09T16:19:48","modified_gmt":"2022-08-09T21:19:48","slug":"conmemoran-el-dia-internacional-de-los-pueblos-indigenas-en-ixcatlan","status":"publish","type":"post","link":"https:\/\/www.zunoticia.com\/noticias-de-hidalgo\/2022\/08\/09\/conmemoran-el-dia-internacional-de-los-pueblos-indigenas-en-ixcatlan\/","title":{"rendered":"Conmemoran el d\u00eda internacional de los Pueblos Ind\u00edgenas en Ixcatl\u00e1n"},"content":{"rendered":"<aside class=\"mashsb-container mashsb-main mashsb-stretched\"><div class=\"mashsb-box\"><div class=\"mashsb-count mash-large\" style=\"float:left\"><div class=\"counts mashsbcount\">16<\/div><span class=\"mashsb-sharetext\">SHARES<\/span><\/div><div class=\"mashsb-buttons\"><a class=\"mashicon-facebook mash-large mash-center mashsb-noshadow\" href=\"https:\/\/www.facebook.com\/sharer.php?u=https%3A%2F%2Fwww.zunoticia.com%2Fnoticias-de-hidalgo%2F2022%2F08%2F09%2Fconmemoran-el-dia-internacional-de-los-pueblos-indigenas-en-ixcatlan%2F\" target=\"_top\" rel=\"nofollow\"><span class=\"icon\"><\/span><span class=\"text\">Share<\/span><\/a><a class=\"mashicon-twitter mash-large mash-center mashsb-noshadow\" href=\"https:\/\/twitter.com\/intent\/tweet?text=&amp;url=https:\/\/www.zunoticia.com\/noticias-de-hidalgo\/2022\/08\/09\/conmemoran-el-dia-internacional-de-los-pueblos-indigenas-en-ixcatlan\/\" target=\"_top\" rel=\"nofollow\"><span class=\"icon\"><\/span><span class=\"text\">Tweet<\/span><\/a><div class=\"onoffswitch2 mash-large mashsb-noshadow\" style=\"display:none\"><\/div><\/div>\n            <\/div>\n                <div style=\"clear:both\"><\/div><div class=\"mashsb-toggle-container\"><\/div><\/aside>\n            <!-- Share buttons by mashshare.net - Version: 4.0.47-->\n<p><em>Por Roberto Meza\/Zunoticia<\/em><\/p>\n\n\n\n<p><strong>Huejutla, Hgo. &#8211;<\/strong> A fin de reconocer la identidad y riqueza cultural de los pueblos originarios de este municipio, conmemoran el d\u00eda internacional de los pueblos ind\u00edgenas a trav\u00e9s de diversas actividades que se llevan en la comunidad de Ixcatl\u00e1n, con ello darles la importancia en el n\u00facleo de la sociedad.<\/p>\n\n\n\n<figure class=\"wp-block-image size-large\"><img fetchpriority=\"high\" decoding=\"async\" width=\"1024\" height=\"576\" src=\"https:\/\/www.zunoticia.com\/noticias-de-hidalgo\/wp-content\/uploads\/2022\/08\/WhatsApp-Image-2022-08-09-at-3.56.48-PM-2-1024x576.jpeg\" alt=\"\" class=\"wp-image-438308\" srcset=\"https:\/\/www.zunoticia.com\/noticias-de-hidalgo\/wp-content\/uploads\/2022\/08\/WhatsApp-Image-2022-08-09-at-3.56.48-PM-2-1024x576.jpeg 1024w, https:\/\/www.zunoticia.com\/noticias-de-hidalgo\/wp-content\/uploads\/2022\/08\/WhatsApp-Image-2022-08-09-at-3.56.48-PM-2-300x169.jpeg 300w, https:\/\/www.zunoticia.com\/noticias-de-hidalgo\/wp-content\/uploads\/2022\/08\/WhatsApp-Image-2022-08-09-at-3.56.48-PM-2-768x432.jpeg 768w, https:\/\/www.zunoticia.com\/noticias-de-hidalgo\/wp-content\/uploads\/2022\/08\/WhatsApp-Image-2022-08-09-at-3.56.48-PM-2.jpeg 1032w\" sizes=\"(max-width: 1024px) 100vw, 1024px\" \/><\/figure>\n\n\n\n<p>En la mesa del pres\u00eddium estuvo el presidente municipal Daniel Andrade, el encargado de la subsecretar\u00eda Licenciado Jos\u00e9 Antonio Vital P\u00e9rez, regidores y autoridades delegacionales de esa localidad; el evento inici\u00f3 con el enfloramiento de las autoridades bajo el ritmo de la banda de viento de esa localidad.<\/p>\n\n\n\n<figure class=\"wp-block-image size-large\"><img decoding=\"async\" width=\"1024\" height=\"576\" src=\"https:\/\/www.zunoticia.com\/noticias-de-hidalgo\/wp-content\/uploads\/2022\/08\/WhatsApp-Image-2022-08-09-at-3.56.49-PM-1024x576.jpeg\" alt=\"\" class=\"wp-image-438309\" srcset=\"https:\/\/www.zunoticia.com\/noticias-de-hidalgo\/wp-content\/uploads\/2022\/08\/WhatsApp-Image-2022-08-09-at-3.56.49-PM-1024x576.jpeg 1024w, https:\/\/www.zunoticia.com\/noticias-de-hidalgo\/wp-content\/uploads\/2022\/08\/WhatsApp-Image-2022-08-09-at-3.56.49-PM-300x169.jpeg 300w, https:\/\/www.zunoticia.com\/noticias-de-hidalgo\/wp-content\/uploads\/2022\/08\/WhatsApp-Image-2022-08-09-at-3.56.49-PM-768x432.jpeg 768w, https:\/\/www.zunoticia.com\/noticias-de-hidalgo\/wp-content\/uploads\/2022\/08\/WhatsApp-Image-2022-08-09-at-3.56.49-PM.jpeg 1032w\" sizes=\"(max-width: 1024px) 100vw, 1024px\" \/><\/figure>\n\n\n\n<p>El delegado Jos\u00e9 G\u00f3mez, dio la bienvenida a todos los presentes quien manifest\u00f3 que es un gran orgullo para esta comunidad festejar el d\u00eda internacional de los pueblos originarios, sobre todo porque esta localidad fue elegida para tan importante acto; invit\u00f3 a todos los pueblos ind\u00edgenas a seguir preservando las tradiciones y costumbres.<\/p>\n\n\n\n<figure class=\"wp-block-image size-large\"><img decoding=\"async\" width=\"1024\" height=\"576\" src=\"https:\/\/www.zunoticia.com\/noticias-de-hidalgo\/wp-content\/uploads\/2022\/08\/WhatsApp-Image-2022-08-09-at-3.56.48-PM-3-1024x576.jpeg\" alt=\"\" class=\"wp-image-438310\" srcset=\"https:\/\/www.zunoticia.com\/noticias-de-hidalgo\/wp-content\/uploads\/2022\/08\/WhatsApp-Image-2022-08-09-at-3.56.48-PM-3-1024x576.jpeg 1024w, https:\/\/www.zunoticia.com\/noticias-de-hidalgo\/wp-content\/uploads\/2022\/08\/WhatsApp-Image-2022-08-09-at-3.56.48-PM-3-300x169.jpeg 300w, https:\/\/www.zunoticia.com\/noticias-de-hidalgo\/wp-content\/uploads\/2022\/08\/WhatsApp-Image-2022-08-09-at-3.56.48-PM-3-768x432.jpeg 768w, https:\/\/www.zunoticia.com\/noticias-de-hidalgo\/wp-content\/uploads\/2022\/08\/WhatsApp-Image-2022-08-09-at-3.56.48-PM-3.jpeg 1032w\" sizes=\"(max-width: 1024px) 100vw, 1024px\" \/><\/figure>\n\n\n\n<p>Con m\u00fasica tradicional de tr\u00edos y banda de viento, danzas aut\u00f3ctonas, rituales, exposiciones y dem\u00e1s eventos es como se desarroll\u00f3 este acto en Ixcatl\u00e1n.<\/p>\n\n\n\n<p>Al hacer uso de la palabra el profesor Sergio Felipe Amador Rivera, dijo que, es inmensamente necesario seguir conservando las tradiciones y costumbres de los pueblos ind\u00edgenas porque eso es lo que nos identifica, es necesario seguir pasando las tradiciones a las futuras generaciones, por eso en este d\u00eda se deben de sentir orgullosos de eso.<\/p>\n","protected":false},"excerpt":{"rendered":"<p>Por Roberto Meza\/Zunoticia Huejutla, Hgo. &#8211; A fin de reconocer la identidad y riqueza cultural de los pueblos originarios de este municipio, conmemoran el d\u00eda internacional de los pueblos ind\u00edgenas a trav\u00e9s de diversas actividades que se llevan en la comunidad de Ixcatl\u00e1n, con ello darles la importancia en el n\u00facleo de la sociedad. En&hellip; <a class=\"more-link\" href=\"https:\/\/www.zunoticia.com\/noticias-de-hidalgo\/2022\/08\/09\/conmemoran-el-dia-internacional-de-los-pueblos-indigenas-en-ixcatlan\/\">Seguir leyendo <span class=\"screen-reader-text\">Conmemoran el d\u00eda internacional de los Pueblos Ind\u00edgenas en Ixcatl\u00e1n<\/span><\/a><\/p>\n","protected":false},"author":12,"featured_media":438307,"comment_status":"open","ping_status":"open","sticky":false,"template":"","format":"standard","meta":{"rop_custom_images_group":[],"rop_custom_messages_group":[],"rop_publish_now":"initial","rop_publish_now_accounts":{"facebook_10159540855086992_322828327761733":""},"rop_publish_now_history":[],"rop_publish_now_status":"pending","footnotes":""},"categories":[181],"tags":[121],"class_list":["post-438306","post","type-post","status-publish","format-standard","has-post-thumbnail","hentry","category-huejutla","tag-huejutla","entry"],"_links":{"self":[{"href":"https:\/\/www.zunoticia.com\/noticias-de-hidalgo\/wp-json\/wp\/v2\/posts\/438306","targetHints":{"allow":["GET"]}}],"collection":[{"href":"https:\/\/www.zunoticia.com\/noticias-de-hidalgo\/wp-json\/wp\/v2\/posts"}],"about":[{"href":"https:\/\/www.zunoticia.com\/noticias-de-hidalgo\/wp-json\/wp\/v2\/types\/post"}],"author":[{"embeddable":true,"href":"https:\/\/www.zunoticia.com\/noticias-de-hidalgo\/wp-json\/wp\/v2\/users\/12"}],"replies":[{"embeddable":true,"href":"https:\/\/www.zunoticia.com\/noticias-de-hidalgo\/wp-json\/wp\/v2\/comments?post=438306"}],"version-history":[{"count":1,"href":"https:\/\/www.zunoticia.com\/noticias-de-hidalgo\/wp-json\/wp\/v2\/posts\/438306\/revisions"}],"predecessor-version":[{"id":438311,"href":"https:\/\/www.zunoticia.com\/noticias-de-hidalgo\/wp-json\/wp\/v2\/posts\/438306\/revisions\/438311"}],"wp:featuredmedia":[{"embeddable":true,"href":"https:\/\/www.zunoticia.com\/noticias-de-hidalgo\/wp-json\/wp\/v2\/media\/438307"}],"wp:attachment":[{"href":"https:\/\/www.zunoticia.com\/noticias-de-hidalgo\/wp-json\/wp\/v2\/media?parent=438306"}],"wp:term":[{"taxonomy":"category","embeddable":true,"href":"https:\/\/www.zunoticia.com\/noticias-de-hidalgo\/wp-json\/wp\/v2\/categories?post=438306"},{"taxonomy":"post_tag","embeddable":true,"href":"https:\/\/www.zunoticia.com\/noticias-de-hidalgo\/wp-json\/wp\/v2\/tags?post=438306"}],"curies":[{"name":"wp","href":"https:\/\/api.w.org\/{rel}","templated":true}]}}