{"id":438322,"date":"2022-08-09T16:38:34","date_gmt":"2022-08-09T21:38:34","guid":{"rendered":"https:\/\/www.zunoticia.com\/noticias-de-hidalgo\/?p=438322"},"modified":"2022-08-09T16:38:35","modified_gmt":"2022-08-09T21:38:35","slug":"se-conmemora-en-tlanchinol-el-dia-internacional-de-los-pueblos-indigenas","status":"publish","type":"post","link":"https:\/\/www.zunoticia.com\/noticias-de-hidalgo\/2022\/08\/09\/se-conmemora-en-tlanchinol-el-dia-internacional-de-los-pueblos-indigenas\/","title":{"rendered":"Se conmemora en Tlanchinol el d\u00eda Internacional de los pueblos ind\u00edgenas"},"content":{"rendered":"<aside class=\"mashsb-container mashsb-main mashsb-stretched\"><div class=\"mashsb-box\"><div class=\"mashsb-count mash-large\" style=\"float:left\"><div class=\"counts mashsbcount\">20<\/div><span class=\"mashsb-sharetext\">SHARES<\/span><\/div><div class=\"mashsb-buttons\"><a class=\"mashicon-facebook mash-large mash-center mashsb-noshadow\" href=\"https:\/\/www.facebook.com\/sharer.php?u=https%3A%2F%2Fwww.zunoticia.com%2Fnoticias-de-hidalgo%2F2022%2F08%2F09%2Fse-conmemora-en-tlanchinol-el-dia-internacional-de-los-pueblos-indigenas%2F\" target=\"_top\" rel=\"nofollow\"><span class=\"icon\"><\/span><span class=\"text\">Share<\/span><\/a><a class=\"mashicon-twitter mash-large mash-center mashsb-noshadow\" href=\"https:\/\/twitter.com\/intent\/tweet?text=&amp;url=https:\/\/www.zunoticia.com\/noticias-de-hidalgo\/2022\/08\/09\/se-conmemora-en-tlanchinol-el-dia-internacional-de-los-pueblos-indigenas\/\" target=\"_top\" rel=\"nofollow\"><span class=\"icon\"><\/span><span class=\"text\">Tweet<\/span><\/a><div class=\"onoffswitch2 mash-large mashsb-noshadow\" style=\"display:none\"><\/div><\/div>\n            <\/div>\n                <div style=\"clear:both\"><\/div><div class=\"mashsb-toggle-container\"><\/div><\/aside>\n            <!-- Share buttons by mashshare.net - Version: 4.0.47-->\n<p><em>Por Redacci\u00f3n\/Zunoticia<\/em><\/p>\n\n\n\n<p><strong>Tlanchinol, Hgo. &#8211;<\/strong> Este martes 09 de agosto, en el marco del d\u00eda internacional de los pueblos ind\u00edgenas, el gobierno municipal de Tlanchinol festej\u00f3 de manera muy folcl\u00f3rica esta fecha.<\/p>\n\n\n\n<figure class=\"wp-block-image size-large\"><img fetchpriority=\"high\" decoding=\"async\" width=\"1024\" height=\"576\" src=\"https:\/\/www.zunoticia.com\/noticias-de-hidalgo\/wp-content\/uploads\/2022\/08\/WhatsApp-Image-2022-08-09-at-3.56.46-PM-1-1024x576.jpeg\" alt=\"\" class=\"wp-image-438325\" srcset=\"https:\/\/www.zunoticia.com\/noticias-de-hidalgo\/wp-content\/uploads\/2022\/08\/WhatsApp-Image-2022-08-09-at-3.56.46-PM-1-1024x576.jpeg 1024w, https:\/\/www.zunoticia.com\/noticias-de-hidalgo\/wp-content\/uploads\/2022\/08\/WhatsApp-Image-2022-08-09-at-3.56.46-PM-1-300x169.jpeg 300w, https:\/\/www.zunoticia.com\/noticias-de-hidalgo\/wp-content\/uploads\/2022\/08\/WhatsApp-Image-2022-08-09-at-3.56.46-PM-1-768x432.jpeg 768w, https:\/\/www.zunoticia.com\/noticias-de-hidalgo\/wp-content\/uploads\/2022\/08\/WhatsApp-Image-2022-08-09-at-3.56.46-PM-1-1536x864.jpeg 1536w, https:\/\/www.zunoticia.com\/noticias-de-hidalgo\/wp-content\/uploads\/2022\/08\/WhatsApp-Image-2022-08-09-at-3.56.46-PM-1-1568x882.jpeg 1568w, https:\/\/www.zunoticia.com\/noticias-de-hidalgo\/wp-content\/uploads\/2022\/08\/WhatsApp-Image-2022-08-09-at-3.56.46-PM-1.jpeg 1600w\" sizes=\"(max-width: 1024px) 100vw, 1024px\" \/><\/figure>\n\n\n\n<p>En el evento estuvo presente Marcos Bautista Medina, presidente municipal, acompa\u00f1ado principalmente por su esposa la Sra. Alicia Castro, regidores de la asamblea municipal, as\u00ed como directores de \u00e1rea, personal en general y p\u00fablico espectador.<\/p>\n\n\n\n<p>Este evento se condujo de manera biling\u00fce en espa\u00f1ol y n\u00e1huatl, en el cual se llev\u00f3 a cabo un ritual a los 4 puntos cardinales, coordinado por el p\u00e1rroco de \u201cSan Agust\u00edn\u201d Prisciliano Leobardo Sosa Alvarado, quien es tambi\u00e9n representante nacional en esta regi\u00f3n de los pueblos ind\u00edgenas.<\/p>\n\n\n\n<figure class=\"wp-block-image size-large\"><img decoding=\"async\" width=\"1024\" height=\"576\" src=\"https:\/\/www.zunoticia.com\/noticias-de-hidalgo\/wp-content\/uploads\/2022\/08\/WhatsApp-Image-2022-08-09-at-3.56.45-PM-1024x576.jpeg\" alt=\"\" class=\"wp-image-438326\" srcset=\"https:\/\/www.zunoticia.com\/noticias-de-hidalgo\/wp-content\/uploads\/2022\/08\/WhatsApp-Image-2022-08-09-at-3.56.45-PM-1024x576.jpeg 1024w, https:\/\/www.zunoticia.com\/noticias-de-hidalgo\/wp-content\/uploads\/2022\/08\/WhatsApp-Image-2022-08-09-at-3.56.45-PM-300x169.jpeg 300w, https:\/\/www.zunoticia.com\/noticias-de-hidalgo\/wp-content\/uploads\/2022\/08\/WhatsApp-Image-2022-08-09-at-3.56.45-PM-768x432.jpeg 768w, https:\/\/www.zunoticia.com\/noticias-de-hidalgo\/wp-content\/uploads\/2022\/08\/WhatsApp-Image-2022-08-09-at-3.56.45-PM-1536x864.jpeg 1536w, https:\/\/www.zunoticia.com\/noticias-de-hidalgo\/wp-content\/uploads\/2022\/08\/WhatsApp-Image-2022-08-09-at-3.56.45-PM-1568x882.jpeg 1568w, https:\/\/www.zunoticia.com\/noticias-de-hidalgo\/wp-content\/uploads\/2022\/08\/WhatsApp-Image-2022-08-09-at-3.56.45-PM.jpeg 1600w\" sizes=\"(max-width: 1024px) 100vw, 1024px\" \/><\/figure>\n\n\n\n<p>&nbsp;Adem\u00e1s, se pudieron apreciar danzas tradicionales, tambi\u00e9n se expusieron y degustaron platillos t\u00edpicos de la regi\u00f3n en la muestra gastron\u00f3mica. En su participaci\u00f3n Marcos Bautista Medina mencion\u00f3 que, dentro y fuera del ayuntamiento se trabaja d\u00eda con d\u00eda para cuidar las costumbres y tradiciones; adem\u00e1s se han implementado proyectos y estrategias donde se pueda apoyar de manera directa a este sector.<\/p>\n\n\n\n<figure class=\"wp-block-image size-large\"><img decoding=\"async\" width=\"1024\" height=\"576\" src=\"https:\/\/www.zunoticia.com\/noticias-de-hidalgo\/wp-content\/uploads\/2022\/08\/WhatsApp-Image-2022-08-09-at-3.56.46-PM-2-1024x576.jpeg\" alt=\"\" class=\"wp-image-438324\" srcset=\"https:\/\/www.zunoticia.com\/noticias-de-hidalgo\/wp-content\/uploads\/2022\/08\/WhatsApp-Image-2022-08-09-at-3.56.46-PM-2-1024x576.jpeg 1024w, https:\/\/www.zunoticia.com\/noticias-de-hidalgo\/wp-content\/uploads\/2022\/08\/WhatsApp-Image-2022-08-09-at-3.56.46-PM-2-300x169.jpeg 300w, https:\/\/www.zunoticia.com\/noticias-de-hidalgo\/wp-content\/uploads\/2022\/08\/WhatsApp-Image-2022-08-09-at-3.56.46-PM-2-768x432.jpeg 768w, https:\/\/www.zunoticia.com\/noticias-de-hidalgo\/wp-content\/uploads\/2022\/08\/WhatsApp-Image-2022-08-09-at-3.56.46-PM-2-1536x864.jpeg 1536w, https:\/\/www.zunoticia.com\/noticias-de-hidalgo\/wp-content\/uploads\/2022\/08\/WhatsApp-Image-2022-08-09-at-3.56.46-PM-2-1568x882.jpeg 1568w, https:\/\/www.zunoticia.com\/noticias-de-hidalgo\/wp-content\/uploads\/2022\/08\/WhatsApp-Image-2022-08-09-at-3.56.46-PM-2.jpeg 1600w\" sizes=\"(max-width: 1024px) 100vw, 1024px\" \/><\/figure>\n\n\n\n<p>Finalmente, se reconoci\u00f3 la participaci\u00f3n de los danzantes, de los exponentes de artesan\u00edas y productos de la regi\u00f3n. Cabe se\u00f1alar que, la ciudadan\u00eda agradeci\u00f3 la realizaci\u00f3n de este tipo de eventos y solicitaron no solo recordar a este sector en fechas conmemorativas e invitaron a continuar trabajando para poder satisfacer las necesidades de los pueblos ind\u00edgenas.<\/p>\n","protected":false},"excerpt":{"rendered":"<p>Por Redacci\u00f3n\/Zunoticia Tlanchinol, Hgo. &#8211; Este martes 09 de agosto, en el marco del d\u00eda internacional de los pueblos ind\u00edgenas, el gobierno municipal de Tlanchinol festej\u00f3 de manera muy folcl\u00f3rica esta fecha. En el evento estuvo presente Marcos Bautista Medina, presidente municipal, acompa\u00f1ado principalmente por su esposa la Sra. Alicia Castro, regidores de la asamblea&hellip; <a class=\"more-link\" href=\"https:\/\/www.zunoticia.com\/noticias-de-hidalgo\/2022\/08\/09\/se-conmemora-en-tlanchinol-el-dia-internacional-de-los-pueblos-indigenas\/\">Seguir leyendo <span class=\"screen-reader-text\">Se conmemora en Tlanchinol el d\u00eda Internacional de los pueblos ind\u00edgenas<\/span><\/a><\/p>\n","protected":false},"author":12,"featured_media":438323,"comment_status":"open","ping_status":"open","sticky":false,"template":"","format":"standard","meta":{"rop_custom_images_group":[],"rop_custom_messages_group":[],"rop_publish_now":"initial","rop_publish_now_accounts":{"facebook_10159540855086992_322828327761733":""},"rop_publish_now_history":[],"rop_publish_now_status":"pending","footnotes":""},"categories":[219,201],"tags":[127],"class_list":["post-438322","post","type-post","status-publish","format-standard","has-post-thumbnail","hentry","category-sierra","category-tlanchinol","tag-tlanchinol","entry"],"_links":{"self":[{"href":"https:\/\/www.zunoticia.com\/noticias-de-hidalgo\/wp-json\/wp\/v2\/posts\/438322","targetHints":{"allow":["GET"]}}],"collection":[{"href":"https:\/\/www.zunoticia.com\/noticias-de-hidalgo\/wp-json\/wp\/v2\/posts"}],"about":[{"href":"https:\/\/www.zunoticia.com\/noticias-de-hidalgo\/wp-json\/wp\/v2\/types\/post"}],"author":[{"embeddable":true,"href":"https:\/\/www.zunoticia.com\/noticias-de-hidalgo\/wp-json\/wp\/v2\/users\/12"}],"replies":[{"embeddable":true,"href":"https:\/\/www.zunoticia.com\/noticias-de-hidalgo\/wp-json\/wp\/v2\/comments?post=438322"}],"version-history":[{"count":1,"href":"https:\/\/www.zunoticia.com\/noticias-de-hidalgo\/wp-json\/wp\/v2\/posts\/438322\/revisions"}],"predecessor-version":[{"id":438327,"href":"https:\/\/www.zunoticia.com\/noticias-de-hidalgo\/wp-json\/wp\/v2\/posts\/438322\/revisions\/438327"}],"wp:featuredmedia":[{"embeddable":true,"href":"https:\/\/www.zunoticia.com\/noticias-de-hidalgo\/wp-json\/wp\/v2\/media\/438323"}],"wp:attachment":[{"href":"https:\/\/www.zunoticia.com\/noticias-de-hidalgo\/wp-json\/wp\/v2\/media?parent=438322"}],"wp:term":[{"taxonomy":"category","embeddable":true,"href":"https:\/\/www.zunoticia.com\/noticias-de-hidalgo\/wp-json\/wp\/v2\/categories?post=438322"},{"taxonomy":"post_tag","embeddable":true,"href":"https:\/\/www.zunoticia.com\/noticias-de-hidalgo\/wp-json\/wp\/v2\/tags?post=438322"}],"curies":[{"name":"wp","href":"https:\/\/api.w.org\/{rel}","templated":true}]}}