{"id":438370,"date":"2022-08-09T17:48:21","date_gmt":"2022-08-09T22:48:21","guid":{"rendered":"https:\/\/www.zunoticia.com\/noticias-de-hidalgo\/?p=438370"},"modified":"2022-08-09T17:48:24","modified_gmt":"2022-08-09T22:48:24","slug":"con-misa-recuerdan-32-aniversario-del-paso-del-huracan-diana","status":"publish","type":"post","link":"https:\/\/www.zunoticia.com\/noticias-de-hidalgo\/2022\/08\/09\/con-misa-recuerdan-32-aniversario-del-paso-del-huracan-diana\/","title":{"rendered":"Con misa recuerdan 32 aniversario del paso del Hurac\u00e1n Diana"},"content":{"rendered":"<aside class=\"mashsb-container mashsb-main mashsb-stretched\"><div class=\"mashsb-box\"><div class=\"mashsb-count mash-large\" style=\"float:left\"><div class=\"counts mashsbcount\">19<\/div><span class=\"mashsb-sharetext\">SHARES<\/span><\/div><div class=\"mashsb-buttons\"><a class=\"mashicon-facebook mash-large mash-center mashsb-noshadow\" href=\"https:\/\/www.facebook.com\/sharer.php?u=https%3A%2F%2Fwww.zunoticia.com%2Fnoticias-de-hidalgo%2F2022%2F08%2F09%2Fcon-misa-recuerdan-32-aniversario-del-paso-del-huracan-diana%2F\" target=\"_top\" rel=\"nofollow\"><span class=\"icon\"><\/span><span class=\"text\">Share<\/span><\/a><a class=\"mashicon-twitter mash-large mash-center mashsb-noshadow\" href=\"https:\/\/twitter.com\/intent\/tweet?text=&amp;url=https:\/\/www.zunoticia.com\/noticias-de-hidalgo\/2022\/08\/09\/con-misa-recuerdan-32-aniversario-del-paso-del-huracan-diana\/\" target=\"_top\" rel=\"nofollow\"><span class=\"icon\"><\/span><span class=\"text\">Tweet<\/span><\/a><div class=\"onoffswitch2 mash-large mashsb-noshadow\" style=\"display:none\"><\/div><\/div>\n            <\/div>\n                <div style=\"clear:both\"><\/div><div class=\"mashsb-toggle-container\"><\/div><\/aside>\n            <!-- Share buttons by mashshare.net - Version: 4.0.47-->\n<p>Por Enedino Hern\u00e1ndez\/Zunoticia<\/p>\n\n\n\n<p><strong>Huejutla, Hgo. &#8211;<\/strong> Con una celebraci\u00f3n eucar\u00edstica realizada en la capilla, ubicada al interior del mercado municipal de esta ciudad de Huejutla de Reyes, la Uni\u00f3n de Comerciantes Locatarios y Ambulantes (UCLA) conmemor\u00f3 el 32 aniversario del paso del Hurac\u00e1n Diana, que trajo como consecuencia un gran desastre y buen n\u00famero de personas fallecidas.<\/p>\n\n\n\n<p>El secretario general de la UCLA, Jorge Lara Garc\u00eda, explic\u00f3 que el hurac\u00e1n Diana pas\u00f3 el d\u00eda 7 para amanecer el d\u00eda 8 de agosto, hace ya 32 a\u00f1os \u201cquer\u00edamos hacer la misa el d\u00eda 8, pero debido a que los Sacerdotes del Santuario estaban ocupados, se realiz\u00f3 despu\u00e9s de las 13:00 horas, una de la tarde, de este martes 9 de agosto\u201d.<\/p>\n\n\n\n<p>A\u00f1adi\u00f3 que no se pod\u00eda dejar pasar por alto esta fecha \u201ceste fue un lamentable acontecimiento en donde desgraciadamente perdimos a compa\u00f1eros, familiares, muchas cosas materiales, fue un total desastre natural\u201d.<\/p>\n\n\n\n<p>Jorge Lara Garc\u00eda, expone que son 32 a\u00f1os que han transcurrido del paso del Hurac\u00e1n Diana, 32 a\u00f1os de aquellos lamentables acontecimientos \u201cuna gran tragedia que afect\u00f3 a todo el mercado municipal y no nada m\u00e1s al mercado, sino que a todo Huejutla\u201d.<\/p>\n","protected":false},"excerpt":{"rendered":"<p>Por Enedino Hern\u00e1ndez\/Zunoticia Huejutla, Hgo. &#8211; Con una celebraci\u00f3n eucar\u00edstica realizada en la capilla, ubicada al interior del mercado municipal de esta ciudad de Huejutla de Reyes, la Uni\u00f3n de Comerciantes Locatarios y Ambulantes (UCLA) conmemor\u00f3 el 32 aniversario del paso del Hurac\u00e1n Diana, que trajo como consecuencia un gran desastre y buen n\u00famero de&hellip; <a class=\"more-link\" href=\"https:\/\/www.zunoticia.com\/noticias-de-hidalgo\/2022\/08\/09\/con-misa-recuerdan-32-aniversario-del-paso-del-huracan-diana\/\">Seguir leyendo <span class=\"screen-reader-text\">Con misa recuerdan 32 aniversario del paso del Hurac\u00e1n Diana<\/span><\/a><\/p>\n","protected":false},"author":12,"featured_media":438371,"comment_status":"open","ping_status":"open","sticky":false,"template":"","format":"standard","meta":{"rop_custom_images_group":[],"rop_custom_messages_group":[],"rop_publish_now":"initial","rop_publish_now_accounts":{"facebook_10159540855086992_322828327761733":""},"rop_publish_now_history":[],"rop_publish_now_status":"pending","footnotes":""},"categories":[181],"tags":[121],"class_list":["post-438370","post","type-post","status-publish","format-standard","has-post-thumbnail","hentry","category-huejutla","tag-huejutla","entry"],"_links":{"self":[{"href":"https:\/\/www.zunoticia.com\/noticias-de-hidalgo\/wp-json\/wp\/v2\/posts\/438370","targetHints":{"allow":["GET"]}}],"collection":[{"href":"https:\/\/www.zunoticia.com\/noticias-de-hidalgo\/wp-json\/wp\/v2\/posts"}],"about":[{"href":"https:\/\/www.zunoticia.com\/noticias-de-hidalgo\/wp-json\/wp\/v2\/types\/post"}],"author":[{"embeddable":true,"href":"https:\/\/www.zunoticia.com\/noticias-de-hidalgo\/wp-json\/wp\/v2\/users\/12"}],"replies":[{"embeddable":true,"href":"https:\/\/www.zunoticia.com\/noticias-de-hidalgo\/wp-json\/wp\/v2\/comments?post=438370"}],"version-history":[{"count":1,"href":"https:\/\/www.zunoticia.com\/noticias-de-hidalgo\/wp-json\/wp\/v2\/posts\/438370\/revisions"}],"predecessor-version":[{"id":438372,"href":"https:\/\/www.zunoticia.com\/noticias-de-hidalgo\/wp-json\/wp\/v2\/posts\/438370\/revisions\/438372"}],"wp:featuredmedia":[{"embeddable":true,"href":"https:\/\/www.zunoticia.com\/noticias-de-hidalgo\/wp-json\/wp\/v2\/media\/438371"}],"wp:attachment":[{"href":"https:\/\/www.zunoticia.com\/noticias-de-hidalgo\/wp-json\/wp\/v2\/media?parent=438370"}],"wp:term":[{"taxonomy":"category","embeddable":true,"href":"https:\/\/www.zunoticia.com\/noticias-de-hidalgo\/wp-json\/wp\/v2\/categories?post=438370"},{"taxonomy":"post_tag","embeddable":true,"href":"https:\/\/www.zunoticia.com\/noticias-de-hidalgo\/wp-json\/wp\/v2\/tags?post=438370"}],"curies":[{"name":"wp","href":"https:\/\/api.w.org\/{rel}","templated":true}]}}