{"id":438386,"date":"2022-08-09T18:45:35","date_gmt":"2022-08-09T23:45:35","guid":{"rendered":"https:\/\/www.zunoticia.com\/noticias-de-hidalgo\/?p=438386"},"modified":"2022-08-09T18:45:37","modified_gmt":"2022-08-09T23:45:37","slug":"entregan-reconocimientos-a-artesanos-de-la-huasteca","status":"publish","type":"post","link":"https:\/\/www.zunoticia.com\/noticias-de-hidalgo\/2022\/08\/09\/entregan-reconocimientos-a-artesanos-de-la-huasteca\/","title":{"rendered":"Entregan reconocimientos a artesanos de la Huasteca"},"content":{"rendered":"<aside class=\"mashsb-container mashsb-main mashsb-stretched\"><div class=\"mashsb-box\"><div class=\"mashsb-count mash-large\" style=\"float:left\"><div class=\"counts mashsbcount\">18<\/div><span class=\"mashsb-sharetext\">SHARES<\/span><\/div><div class=\"mashsb-buttons\"><a class=\"mashicon-facebook mash-large mash-center mashsb-noshadow\" href=\"https:\/\/www.facebook.com\/sharer.php?u=https%3A%2F%2Fwww.zunoticia.com%2Fnoticias-de-hidalgo%2F2022%2F08%2F09%2Fentregan-reconocimientos-a-artesanos-de-la-huasteca%2F\" target=\"_top\" rel=\"nofollow\"><span class=\"icon\"><\/span><span class=\"text\">Share<\/span><\/a><a class=\"mashicon-twitter mash-large mash-center mashsb-noshadow\" href=\"https:\/\/twitter.com\/intent\/tweet?text=&amp;url=https:\/\/www.zunoticia.com\/noticias-de-hidalgo\/2022\/08\/09\/entregan-reconocimientos-a-artesanos-de-la-huasteca\/\" target=\"_top\" rel=\"nofollow\"><span class=\"icon\"><\/span><span class=\"text\">Tweet<\/span><\/a><div class=\"onoffswitch2 mash-large mashsb-noshadow\" style=\"display:none\"><\/div><\/div>\n            <\/div>\n                <div style=\"clear:both\"><\/div><div class=\"mashsb-toggle-container\"><\/div><\/aside>\n            <!-- Share buttons by mashshare.net - Version: 4.0.47-->\n<p><em>Por Roberto Meza\/Zunoticia<\/em><\/p>\n\n\n\n<p><strong>Huejutla, Hgo. &#8211;<\/strong> Con la finalidad de reconocer su trayectoria y dedicaci\u00f3n, el gobierno municipal de Huejutla entreg\u00f3 reconocimientos a todos ellos, esto por el marco de las explosiones que llevaron acabo en la localidad de Ixcatlan hasta donde se dieron cita para exponer sus productos.<\/p>\n\n\n\n<p>Fue la presidente del DIF, Carol Guadalupe de Andrade, el profesor Sotero Ram\u00edrez Ram\u00edrez y autoridades de la comunidad de Ixcatlan, quienes entregaron estos reconocimientos a hombres y mujeres que proyectan estos productos de diversos tipos, en diversas partes del estado y con ello dan identidad a la huasteca.<\/p>\n\n\n\n<figure class=\"wp-block-image size-large\"><img fetchpriority=\"high\" decoding=\"async\" width=\"1024\" height=\"576\" src=\"https:\/\/www.zunoticia.com\/noticias-de-hidalgo\/wp-content\/uploads\/2022\/08\/WhatsApp-Image-2022-08-09-at-6.39.10-PM-1-1024x576.jpeg\" alt=\"\" class=\"wp-image-438388\" srcset=\"https:\/\/www.zunoticia.com\/noticias-de-hidalgo\/wp-content\/uploads\/2022\/08\/WhatsApp-Image-2022-08-09-at-6.39.10-PM-1-1024x576.jpeg 1024w, https:\/\/www.zunoticia.com\/noticias-de-hidalgo\/wp-content\/uploads\/2022\/08\/WhatsApp-Image-2022-08-09-at-6.39.10-PM-1-300x169.jpeg 300w, https:\/\/www.zunoticia.com\/noticias-de-hidalgo\/wp-content\/uploads\/2022\/08\/WhatsApp-Image-2022-08-09-at-6.39.10-PM-1-768x432.jpeg 768w, https:\/\/www.zunoticia.com\/noticias-de-hidalgo\/wp-content\/uploads\/2022\/08\/WhatsApp-Image-2022-08-09-at-6.39.10-PM-1.jpeg 1032w\" sizes=\"(max-width: 1024px) 100vw, 1024px\" \/><figcaption><em>Entregaron reconocimientos a los artesanos.<\/em><\/figcaption><\/figure>\n\n\n\n<p>Fueron m\u00e1s de 30 artesanos que este d\u00eda se dieron cita en dicha localidad y a quienes se les entreg\u00f3 esta distinci\u00f3n, al mismo tiempo la presidenta del DIF a nombre del alcalde reconoci\u00f3 el trabajo que llevan a cabo para bien de la cultura huasteca en el marco de las festividades del d\u00eda internacional de los pueblos ind\u00edgenas.<\/p>\n\n\n\n<p>Pie. &#8211; Entregaron reconocimientos a los artesanos.<\/p>\n","protected":false},"excerpt":{"rendered":"<p>Por Roberto Meza\/Zunoticia Huejutla, Hgo. &#8211; Con la finalidad de reconocer su trayectoria y dedicaci\u00f3n, el gobierno municipal de Huejutla entreg\u00f3 reconocimientos a todos ellos, esto por el marco de las explosiones que llevaron acabo en la localidad de Ixcatlan hasta donde se dieron cita para exponer sus productos. Fue la presidente del DIF, Carol&hellip; <a class=\"more-link\" href=\"https:\/\/www.zunoticia.com\/noticias-de-hidalgo\/2022\/08\/09\/entregan-reconocimientos-a-artesanos-de-la-huasteca\/\">Seguir leyendo <span class=\"screen-reader-text\">Entregan reconocimientos a artesanos de la Huasteca<\/span><\/a><\/p>\n","protected":false},"author":12,"featured_media":438387,"comment_status":"open","ping_status":"open","sticky":false,"template":"","format":"standard","meta":{"rop_custom_images_group":[],"rop_custom_messages_group":[],"rop_publish_now":"initial","rop_publish_now_accounts":{"facebook_10159540855086992_322828327761733":""},"rop_publish_now_history":[],"rop_publish_now_status":"pending","footnotes":""},"categories":[181],"tags":[121],"class_list":["post-438386","post","type-post","status-publish","format-standard","has-post-thumbnail","hentry","category-huejutla","tag-huejutla","entry"],"_links":{"self":[{"href":"https:\/\/www.zunoticia.com\/noticias-de-hidalgo\/wp-json\/wp\/v2\/posts\/438386","targetHints":{"allow":["GET"]}}],"collection":[{"href":"https:\/\/www.zunoticia.com\/noticias-de-hidalgo\/wp-json\/wp\/v2\/posts"}],"about":[{"href":"https:\/\/www.zunoticia.com\/noticias-de-hidalgo\/wp-json\/wp\/v2\/types\/post"}],"author":[{"embeddable":true,"href":"https:\/\/www.zunoticia.com\/noticias-de-hidalgo\/wp-json\/wp\/v2\/users\/12"}],"replies":[{"embeddable":true,"href":"https:\/\/www.zunoticia.com\/noticias-de-hidalgo\/wp-json\/wp\/v2\/comments?post=438386"}],"version-history":[{"count":1,"href":"https:\/\/www.zunoticia.com\/noticias-de-hidalgo\/wp-json\/wp\/v2\/posts\/438386\/revisions"}],"predecessor-version":[{"id":438389,"href":"https:\/\/www.zunoticia.com\/noticias-de-hidalgo\/wp-json\/wp\/v2\/posts\/438386\/revisions\/438389"}],"wp:featuredmedia":[{"embeddable":true,"href":"https:\/\/www.zunoticia.com\/noticias-de-hidalgo\/wp-json\/wp\/v2\/media\/438387"}],"wp:attachment":[{"href":"https:\/\/www.zunoticia.com\/noticias-de-hidalgo\/wp-json\/wp\/v2\/media?parent=438386"}],"wp:term":[{"taxonomy":"category","embeddable":true,"href":"https:\/\/www.zunoticia.com\/noticias-de-hidalgo\/wp-json\/wp\/v2\/categories?post=438386"},{"taxonomy":"post_tag","embeddable":true,"href":"https:\/\/www.zunoticia.com\/noticias-de-hidalgo\/wp-json\/wp\/v2\/tags?post=438386"}],"curies":[{"name":"wp","href":"https:\/\/api.w.org\/{rel}","templated":true}]}}