{"id":438390,"date":"2022-08-09T18:47:37","date_gmt":"2022-08-09T23:47:37","guid":{"rendered":"https:\/\/www.zunoticia.com\/noticias-de-hidalgo\/?p=438390"},"modified":"2022-08-09T18:47:41","modified_gmt":"2022-08-09T23:47:41","slug":"orgullosamente-somos-indigenas-ch","status":"publish","type":"post","link":"https:\/\/www.zunoticia.com\/noticias-de-hidalgo\/2022\/08\/09\/orgullosamente-somos-indigenas-ch\/","title":{"rendered":"Orgullosamente, somos ind\u00edgenas: CH"},"content":{"rendered":"<aside class=\"mashsb-container mashsb-main mashsb-stretched\"><div class=\"mashsb-box\"><div class=\"mashsb-count mash-large\" style=\"float:left\"><div class=\"counts mashsbcount\">29<\/div><span class=\"mashsb-sharetext\">SHARES<\/span><\/div><div class=\"mashsb-buttons\"><a class=\"mashicon-facebook mash-large mash-center mashsb-noshadow\" href=\"https:\/\/www.facebook.com\/sharer.php?u=https%3A%2F%2Fwww.zunoticia.com%2Fnoticias-de-hidalgo%2F2022%2F08%2F09%2Forgullosamente-somos-indigenas-ch%2F\" target=\"_top\" rel=\"nofollow\"><span class=\"icon\"><\/span><span class=\"text\">Share<\/span><\/a><a class=\"mashicon-twitter mash-large mash-center mashsb-noshadow\" href=\"https:\/\/twitter.com\/intent\/tweet?text=&amp;url=https:\/\/www.zunoticia.com\/noticias-de-hidalgo\/2022\/08\/09\/orgullosamente-somos-indigenas-ch\/\" target=\"_top\" rel=\"nofollow\"><span class=\"icon\"><\/span><span class=\"text\">Tweet<\/span><\/a><div class=\"onoffswitch2 mash-large mashsb-noshadow\" style=\"display:none\"><\/div><\/div>\n            <\/div>\n                <div style=\"clear:both\"><\/div><div class=\"mashsb-toggle-container\"><\/div><\/aside>\n            <!-- Share buttons by mashshare.net - Version: 4.0.47-->\n<p><em>Por Enedino Hern\u00e1ndez\/Zunoticia<\/em><\/p>\n\n\n\n<p><strong>Huejutla, Hgo. &#8211;<\/strong> En el marco de la celebraci\u00f3n del &#8220;D\u00eda internacional de los pueblos ind\u00edgenas\u201d, el dirigente del Movimiento Ind\u00edgena Unidos por la Huasteca Hidalguense, Camerino Hern\u00e1ndez; reconoci\u00f3 la unidad que se mantiene en los pueblos de la Huasteca, destacando puntualmente que \u201corgullosamente, somos ind\u00edgenas\u201d.<\/p>\n\n\n\n<p>Seguidamente resalt\u00f3 \u201corgullosamente somos parte de la nacionalidad mexicana e Hidalguense, a la que debemos de sentirnos orgullosos y hoy m\u00e1s que nunca debemos de seguir preservando y fortaleciendo nuestra cultura\u201d.<\/p>\n\n\n\n<p>Camerino Hern\u00e1ndez, insisti\u00f3 que cada uno de los habitantes de los pueblos ind\u00edgenas de M\u00e9xico, especialmente de la Huasteca \u201cdebemos de seguir con nuestras tradiciones, nuestros usos y nuestras costumbres\u201d.<\/p>\n\n\n\n<p>A\u00f1adi\u00f3 que las tradiciones, los usos y costumbres de los pueblos ind\u00edgenas est\u00e1n amparadas Constitucionalmente \u201ces en la Constituci\u00f3n Pol\u00edtica de los Estados Unidos Mexicanos en la cual se se\u00f1ala el respeto por los derechos de los pueblos y comunidades que contribuyen el desarrollo sustentable a las familias ind\u00edgenas\u201d.<\/p>\n","protected":false},"excerpt":{"rendered":"<p>Por Enedino Hern\u00e1ndez\/Zunoticia Huejutla, Hgo. &#8211; En el marco de la celebraci\u00f3n del &#8220;D\u00eda internacional de los pueblos ind\u00edgenas\u201d, el dirigente del Movimiento Ind\u00edgena Unidos por la Huasteca Hidalguense, Camerino Hern\u00e1ndez; reconoci\u00f3 la unidad que se mantiene en los pueblos de la Huasteca, destacando puntualmente que \u201corgullosamente, somos ind\u00edgenas\u201d. Seguidamente resalt\u00f3 \u201corgullosamente somos parte de&hellip; <a class=\"more-link\" href=\"https:\/\/www.zunoticia.com\/noticias-de-hidalgo\/2022\/08\/09\/orgullosamente-somos-indigenas-ch\/\">Seguir leyendo <span class=\"screen-reader-text\">Orgullosamente, somos ind\u00edgenas: CH<\/span><\/a><\/p>\n","protected":false},"author":12,"featured_media":438391,"comment_status":"open","ping_status":"open","sticky":false,"template":"","format":"standard","meta":{"rop_custom_images_group":[],"rop_custom_messages_group":[],"rop_publish_now":"initial","rop_publish_now_accounts":{"facebook_10159540855086992_322828327761733":""},"rop_publish_now_history":[],"rop_publish_now_status":"pending","footnotes":""},"categories":[181],"tags":[121],"class_list":["post-438390","post","type-post","status-publish","format-standard","has-post-thumbnail","hentry","category-huejutla","tag-huejutla","entry"],"_links":{"self":[{"href":"https:\/\/www.zunoticia.com\/noticias-de-hidalgo\/wp-json\/wp\/v2\/posts\/438390","targetHints":{"allow":["GET"]}}],"collection":[{"href":"https:\/\/www.zunoticia.com\/noticias-de-hidalgo\/wp-json\/wp\/v2\/posts"}],"about":[{"href":"https:\/\/www.zunoticia.com\/noticias-de-hidalgo\/wp-json\/wp\/v2\/types\/post"}],"author":[{"embeddable":true,"href":"https:\/\/www.zunoticia.com\/noticias-de-hidalgo\/wp-json\/wp\/v2\/users\/12"}],"replies":[{"embeddable":true,"href":"https:\/\/www.zunoticia.com\/noticias-de-hidalgo\/wp-json\/wp\/v2\/comments?post=438390"}],"version-history":[{"count":1,"href":"https:\/\/www.zunoticia.com\/noticias-de-hidalgo\/wp-json\/wp\/v2\/posts\/438390\/revisions"}],"predecessor-version":[{"id":438392,"href":"https:\/\/www.zunoticia.com\/noticias-de-hidalgo\/wp-json\/wp\/v2\/posts\/438390\/revisions\/438392"}],"wp:featuredmedia":[{"embeddable":true,"href":"https:\/\/www.zunoticia.com\/noticias-de-hidalgo\/wp-json\/wp\/v2\/media\/438391"}],"wp:attachment":[{"href":"https:\/\/www.zunoticia.com\/noticias-de-hidalgo\/wp-json\/wp\/v2\/media?parent=438390"}],"wp:term":[{"taxonomy":"category","embeddable":true,"href":"https:\/\/www.zunoticia.com\/noticias-de-hidalgo\/wp-json\/wp\/v2\/categories?post=438390"},{"taxonomy":"post_tag","embeddable":true,"href":"https:\/\/www.zunoticia.com\/noticias-de-hidalgo\/wp-json\/wp\/v2\/tags?post=438390"}],"curies":[{"name":"wp","href":"https:\/\/api.w.org\/{rel}","templated":true}]}}