{"id":438393,"date":"2022-08-09T18:57:14","date_gmt":"2022-08-09T23:57:14","guid":{"rendered":"https:\/\/www.zunoticia.com\/noticias-de-hidalgo\/?p=438393"},"modified":"2022-08-09T18:57:17","modified_gmt":"2022-08-09T23:57:17","slug":"sedeso-instala-comite-de-fomento-y-fortalecimiento-a-las-oscs","status":"publish","type":"post","link":"https:\/\/www.zunoticia.com\/noticias-de-hidalgo\/2022\/08\/09\/sedeso-instala-comite-de-fomento-y-fortalecimiento-a-las-oscs\/","title":{"rendered":"Sedeso instala Comit\u00e9 de Fomento y Fortalecimiento a las OSC\u00b4s"},"content":{"rendered":"<aside class=\"mashsb-container mashsb-main mashsb-stretched\"><div class=\"mashsb-box\"><div class=\"mashsb-count mash-large\" style=\"float:left\"><div class=\"counts mashsbcount\">12<\/div><span class=\"mashsb-sharetext\">SHARES<\/span><\/div><div class=\"mashsb-buttons\"><a class=\"mashicon-facebook mash-large mash-center mashsb-noshadow\" href=\"https:\/\/www.facebook.com\/sharer.php?u=https%3A%2F%2Fwww.zunoticia.com%2Fnoticias-de-hidalgo%2F2022%2F08%2F09%2Fsedeso-instala-comite-de-fomento-y-fortalecimiento-a-las-oscs%2F\" target=\"_top\" rel=\"nofollow\"><span class=\"icon\"><\/span><span class=\"text\">Share<\/span><\/a><a class=\"mashicon-twitter mash-large mash-center mashsb-noshadow\" href=\"https:\/\/twitter.com\/intent\/tweet?text=&amp;url=https:\/\/www.zunoticia.com\/noticias-de-hidalgo\/2022\/08\/09\/sedeso-instala-comite-de-fomento-y-fortalecimiento-a-las-oscs\/\" target=\"_top\" rel=\"nofollow\"><span class=\"icon\"><\/span><span class=\"text\">Tweet<\/span><\/a><div class=\"onoffswitch2 mash-large mashsb-noshadow\" style=\"display:none\"><\/div><\/div>\n            <\/div>\n                <div style=\"clear:both\"><\/div><div class=\"mashsb-toggle-container\"><\/div><\/aside>\n            <!-- Share buttons by mashshare.net - Version: 4.0.47-->\n<ul class=\"wp-block-list\"><li>Por vez primera se les reconoce dentro del andamiaje jur\u00eddico del estado.<\/li><\/ul>\n\n\n\n<p><em>Por Redacci\u00f3n\/Zuntoicia<\/em><\/p>\n\n\n\n<p><strong>Pachuca de Soto, Hgo. &#8211; <\/strong>Con el objetivo de reconocer la experiencia y capacidades de las Organizaciones de la Sociedad Civil (OSC\u00b4s), adem\u00e1s de garantizar el desarrollo y fortalecimiento de sus acciones, la Secretar\u00eda de Desarrollo Social (Sedeso) se realiz\u00f3 la primera sesi\u00f3n ordinaria e instalaci\u00f3n del Comit\u00e9 Estatal de Fomento y Fortalecimiento a las Acciones de las Organizaciones de la Sociedad Civil.<\/p>\n\n\n\n<p>El secretario de Desarrollo Social, Daniel Jim\u00e9nez Rojo ha comentado en diferentes ocasiones que la administraci\u00f3n que encabeza el gobernador Omar Fayad le dio gran importancia a las OSC\u00b4s y al trabajo realizado en favor de la poblaci\u00f3n menos favorecida, y es por ello que a trav\u00e9s de la Subsecretar\u00eda de Participaci\u00f3n Social y Fomento Artesanal se realiz\u00f3 un arduo y enriquecedor proceso para darle voz a la sociedad civil organizada, buscando plasmar la visi\u00f3n de las asociaciones civiles, colectivos, l\u00edderes sociales, acad\u00e9micos y expertos.<\/p>\n\n\n\n<p>Fue as\u00ed que naci\u00f3 la Ley Estatal de Fomento y Fortalecimiento a las Acciones de las Organizaciones de la Sociedad Civil del Estado de Hidalgo, promulgada en enero de 2021, esto con la participaci\u00f3n de m\u00e1s de 400 asociaciones civiles trabajando de manera colaborativa.<\/p>\n\n\n\n<p>Por su parte, la subsecretaria de Participaci\u00f3n Social y Fomento Artesanal, Kenia Montiel Pimentel coment\u00f3 que este Comit\u00e9 debe ser el ente detonante en la construcci\u00f3n de redes entre los sectores p\u00fablico, privado y social para terminar con la dispersi\u00f3n y crear sinergias que permitan potenciar y hacer m\u00e1s eficaces los esfuerzos gubernamentales que beneficien a todos.<\/p>\n\n\n\n<figure class=\"wp-block-image size-large\"><img fetchpriority=\"high\" decoding=\"async\" width=\"1024\" height=\"572\" src=\"https:\/\/www.zunoticia.com\/noticias-de-hidalgo\/wp-content\/uploads\/2022\/08\/WhatsApp-Image-2022-08-09-at-6.51.55-PM-1-1024x572.jpeg\" alt=\"\" class=\"wp-image-438395\" srcset=\"https:\/\/www.zunoticia.com\/noticias-de-hidalgo\/wp-content\/uploads\/2022\/08\/WhatsApp-Image-2022-08-09-at-6.51.55-PM-1-1024x572.jpeg 1024w, https:\/\/www.zunoticia.com\/noticias-de-hidalgo\/wp-content\/uploads\/2022\/08\/WhatsApp-Image-2022-08-09-at-6.51.55-PM-1-300x167.jpeg 300w, https:\/\/www.zunoticia.com\/noticias-de-hidalgo\/wp-content\/uploads\/2022\/08\/WhatsApp-Image-2022-08-09-at-6.51.55-PM-1-768x429.jpeg 768w, https:\/\/www.zunoticia.com\/noticias-de-hidalgo\/wp-content\/uploads\/2022\/08\/WhatsApp-Image-2022-08-09-at-6.51.55-PM-1-1536x857.jpeg 1536w, https:\/\/www.zunoticia.com\/noticias-de-hidalgo\/wp-content\/uploads\/2022\/08\/WhatsApp-Image-2022-08-09-at-6.51.55-PM-1-1568x875.jpeg 1568w, https:\/\/www.zunoticia.com\/noticias-de-hidalgo\/wp-content\/uploads\/2022\/08\/WhatsApp-Image-2022-08-09-at-6.51.55-PM-1.jpeg 1600w\" sizes=\"(max-width: 1024px) 100vw, 1024px\" \/><\/figure>\n\n\n\n<p>Asimismo, Montiel Pimentel, subray\u00f3 que el tercer sector logr\u00f3 grandes avances gracias a las pol\u00edticas p\u00fablicas implementadas por el gobernador Omar Fayad, ya que por primera vez se reconoce dentro del andamiaje jur\u00eddico del estado la labor que realizan las OSC\u00b4s para ejercer actividades de inter\u00e9s social, bienestar colectivo y desarrollo humano.<\/p>\n\n\n\n<p>Agreg\u00f3 que desde su encargo se ha logrado la profesionalizaci\u00f3n y fortalecimiento de las organizaciones y la cultura de la corresponsabilidad, la evaluaci\u00f3n, la rendici\u00f3n de cuentas y una visi\u00f3n de largo plazo que beneficie a \u00e9stas y a las que nazcan a partir de ahora.<\/p>\n\n\n\n<p>El diputado local, V\u00edctor Valera Piedras, reconoci\u00f3 la labor que este gobierno tuvo en favor de las OSC\u00b4s e invit\u00f3 a que se forme una mesa de trabajo para que, desde el Congreso del Estado de Hidalgo, se fortalezca al tercer sector y a su vez se asegure su funcionamiento presupuestal en los a\u00f1os venideros.<\/p>\n\n\n\n<p>El Comit\u00e9 qued\u00f3 integrado por: La Secretar\u00eda de Desarrollo Social, la Secretar\u00eda Ejecutiva de la Pol\u00edtica P\u00fablica, Secretar\u00eda de Gobierno, Secretar\u00eda de Finanzas P\u00fablicas, Unidad de Planeaci\u00f3n y Prospectiva, Congreso del Estado de Hidalgo. Representados en esta ocasi\u00f3n por, Kenia Montiel Pimentel, Cristian Guevara G\u00e1lvez, Jos\u00e9 Luis Lomeli Placencia, Diana Raquel P\u00e9rez Campos, Velia Asiain D\u00edaz de Le\u00f3n, y Julio Valera Piedras, respectivamente.&nbsp;<\/p>\n","protected":false},"excerpt":{"rendered":"<p>Por vez primera se les reconoce dentro del andamiaje jur\u00eddico del estado. Por Redacci\u00f3n\/Zuntoicia Pachuca de Soto, Hgo. &#8211; Con el objetivo de reconocer la experiencia y capacidades de las Organizaciones de la Sociedad Civil (OSC\u00b4s), adem\u00e1s de garantizar el desarrollo y fortalecimiento de sus acciones, la Secretar\u00eda de Desarrollo Social (Sedeso) se realiz\u00f3 la&hellip; <a class=\"more-link\" href=\"https:\/\/www.zunoticia.com\/noticias-de-hidalgo\/2022\/08\/09\/sedeso-instala-comite-de-fomento-y-fortalecimiento-a-las-oscs\/\">Seguir leyendo <span class=\"screen-reader-text\">Sedeso instala Comit\u00e9 de Fomento y Fortalecimiento a las OSC\u00b4s<\/span><\/a><\/p>\n","protected":false},"author":12,"featured_media":438394,"comment_status":"open","ping_status":"open","sticky":false,"template":"","format":"standard","meta":{"rop_custom_images_group":[],"rop_custom_messages_group":[],"rop_publish_now":"initial","rop_publish_now_accounts":{"facebook_10159540855086992_322828327761733":""},"rop_publish_now_history":[],"rop_publish_now_status":"pending","footnotes":""},"categories":[208],"tags":[214],"class_list":["post-438393","post","type-post","status-publish","format-standard","has-post-thumbnail","hentry","category-estado","tag-estado","entry"],"_links":{"self":[{"href":"https:\/\/www.zunoticia.com\/noticias-de-hidalgo\/wp-json\/wp\/v2\/posts\/438393","targetHints":{"allow":["GET"]}}],"collection":[{"href":"https:\/\/www.zunoticia.com\/noticias-de-hidalgo\/wp-json\/wp\/v2\/posts"}],"about":[{"href":"https:\/\/www.zunoticia.com\/noticias-de-hidalgo\/wp-json\/wp\/v2\/types\/post"}],"author":[{"embeddable":true,"href":"https:\/\/www.zunoticia.com\/noticias-de-hidalgo\/wp-json\/wp\/v2\/users\/12"}],"replies":[{"embeddable":true,"href":"https:\/\/www.zunoticia.com\/noticias-de-hidalgo\/wp-json\/wp\/v2\/comments?post=438393"}],"version-history":[{"count":1,"href":"https:\/\/www.zunoticia.com\/noticias-de-hidalgo\/wp-json\/wp\/v2\/posts\/438393\/revisions"}],"predecessor-version":[{"id":438396,"href":"https:\/\/www.zunoticia.com\/noticias-de-hidalgo\/wp-json\/wp\/v2\/posts\/438393\/revisions\/438396"}],"wp:featuredmedia":[{"embeddable":true,"href":"https:\/\/www.zunoticia.com\/noticias-de-hidalgo\/wp-json\/wp\/v2\/media\/438394"}],"wp:attachment":[{"href":"https:\/\/www.zunoticia.com\/noticias-de-hidalgo\/wp-json\/wp\/v2\/media?parent=438393"}],"wp:term":[{"taxonomy":"category","embeddable":true,"href":"https:\/\/www.zunoticia.com\/noticias-de-hidalgo\/wp-json\/wp\/v2\/categories?post=438393"},{"taxonomy":"post_tag","embeddable":true,"href":"https:\/\/www.zunoticia.com\/noticias-de-hidalgo\/wp-json\/wp\/v2\/tags?post=438393"}],"curies":[{"name":"wp","href":"https:\/\/api.w.org\/{rel}","templated":true}]}}