{"id":438502,"date":"2022-08-10T14:42:48","date_gmt":"2022-08-10T19:42:48","guid":{"rendered":"https:\/\/www.zunoticia.com\/noticias-de-hidalgo\/?p=438502"},"modified":"2022-08-10T14:42:51","modified_gmt":"2022-08-10T19:42:51","slug":"conmemoraron-el-dia-internacional-de-los-pueblos-indigenas-en-huazalingo","status":"publish","type":"post","link":"https:\/\/www.zunoticia.com\/noticias-de-hidalgo\/2022\/08\/10\/conmemoraron-el-dia-internacional-de-los-pueblos-indigenas-en-huazalingo\/","title":{"rendered":"Conmemoraron el d\u00eda internacional de los pueblos ind\u00edgenas en Huazalingo"},"content":{"rendered":"<aside class=\"mashsb-container mashsb-main mashsb-stretched\"><div class=\"mashsb-box\"><div class=\"mashsb-count mash-large\" style=\"float:left\"><div class=\"counts mashsbcount\">2<\/div><span class=\"mashsb-sharetext\">SHARES<\/span><\/div><div class=\"mashsb-buttons\"><a class=\"mashicon-facebook mash-large mash-center mashsb-noshadow\" href=\"https:\/\/www.facebook.com\/sharer.php?u=https%3A%2F%2Fwww.zunoticia.com%2Fnoticias-de-hidalgo%2F2022%2F08%2F10%2Fconmemoraron-el-dia-internacional-de-los-pueblos-indigenas-en-huazalingo%2F\" target=\"_top\" rel=\"nofollow\"><span class=\"icon\"><\/span><span class=\"text\">Share<\/span><\/a><a class=\"mashicon-twitter mash-large mash-center mashsb-noshadow\" href=\"https:\/\/twitter.com\/intent\/tweet?text=&amp;url=https:\/\/www.zunoticia.com\/noticias-de-hidalgo\/2022\/08\/10\/conmemoraron-el-dia-internacional-de-los-pueblos-indigenas-en-huazalingo\/\" target=\"_top\" rel=\"nofollow\"><span class=\"icon\"><\/span><span class=\"text\">Tweet<\/span><\/a><div class=\"onoffswitch2 mash-large mashsb-noshadow\" style=\"display:none\"><\/div><\/div>\n            <\/div>\n                <div style=\"clear:both\"><\/div><div class=\"mashsb-toggle-container\"><\/div><\/aside>\n            <!-- Share buttons by mashshare.net - Version: 4.0.47-->\n<p><em>Por Roberto Meza\/Zunoticia<\/em><\/p>\n\n\n\n<p><strong>Huazalingo, Hgo. &#8211;<\/strong> El pasado martes, el ayuntamiento que preside Julio C\u00e9sar Gonz\u00e1lez, festej\u00f3 el d\u00eda de los pueblos ind\u00edgenas con diferentes actividades en el auditorio municipal de la zona centro, con esto se busca fortalecer y preservar las tradiciones entre los pueblos originarios.<\/p>\n\n\n\n<figure class=\"wp-block-gallery has-nested-images columns-default is-cropped wp-block-gallery-1 is-layout-flex wp-block-gallery-is-layout-flex\">\n<figure class=\"wp-block-image size-large\"><img fetchpriority=\"high\" decoding=\"async\" width=\"720\" height=\"540\" data-id=\"438505\" src=\"https:\/\/www.zunoticia.com\/noticias-de-hidalgo\/wp-content\/uploads\/2022\/08\/WhatsApp-Image-2022-08-10-at-2.27.43-PM.jpeg\" alt=\"\" class=\"wp-image-438505\" srcset=\"https:\/\/www.zunoticia.com\/noticias-de-hidalgo\/wp-content\/uploads\/2022\/08\/WhatsApp-Image-2022-08-10-at-2.27.43-PM.jpeg 720w, https:\/\/www.zunoticia.com\/noticias-de-hidalgo\/wp-content\/uploads\/2022\/08\/WhatsApp-Image-2022-08-10-at-2.27.43-PM-300x225.jpeg 300w\" sizes=\"(max-width: 720px) 100vw, 720px\" \/><\/figure>\n\n\n\n<figure class=\"wp-block-image size-large\"><img decoding=\"async\" width=\"720\" height=\"405\" data-id=\"438506\" src=\"https:\/\/www.zunoticia.com\/noticias-de-hidalgo\/wp-content\/uploads\/2022\/08\/WhatsApp-Image-2022-08-10-at-2.27.43-PM-1.jpeg\" alt=\"\" class=\"wp-image-438506\" srcset=\"https:\/\/www.zunoticia.com\/noticias-de-hidalgo\/wp-content\/uploads\/2022\/08\/WhatsApp-Image-2022-08-10-at-2.27.43-PM-1.jpeg 720w, https:\/\/www.zunoticia.com\/noticias-de-hidalgo\/wp-content\/uploads\/2022\/08\/WhatsApp-Image-2022-08-10-at-2.27.43-PM-1-300x169.jpeg 300w\" sizes=\"(max-width: 720px) 100vw, 720px\" \/><\/figure>\n<\/figure>\n\n\n\n<p>El evento inici\u00f3 a la 11:00 de la ma\u00f1ana, en donde participaron danzantes, tr\u00edos de huapangueros, y bandas de viento; esta actividad la organiz\u00f3 el \u00e1rea de Asuntos ind\u00edgenas y Desarrollo Social Municipal.<\/p>\n\n\n\n<p>En la mesa del pres\u00eddium estuvo el secretario municipal profesor Homero S\u00e1nchez en representaci\u00f3n del edil; Vanesa Mej\u00eda de Gonz\u00e1lez presidenta del DIF y Patricia \u00c1ngeles, titular de Desarrollo Municipal.<\/p>\n\n\n\n<figure class=\"wp-block-image size-full\"><img decoding=\"async\" width=\"720\" height=\"405\" src=\"https:\/\/www.zunoticia.com\/noticias-de-hidalgo\/wp-content\/uploads\/2022\/08\/WhatsApp-Image-2022-08-10-at-2.27.44-PM.jpeg\" alt=\"\" class=\"wp-image-438504\" srcset=\"https:\/\/www.zunoticia.com\/noticias-de-hidalgo\/wp-content\/uploads\/2022\/08\/WhatsApp-Image-2022-08-10-at-2.27.44-PM.jpeg 720w, https:\/\/www.zunoticia.com\/noticias-de-hidalgo\/wp-content\/uploads\/2022\/08\/WhatsApp-Image-2022-08-10-at-2.27.44-PM-300x169.jpeg 300w\" sizes=\"(max-width: 720px) 100vw, 720px\" \/><\/figure>\n\n\n\n<p>El secretario municipal al hacer usos de la palabra dijo \u201ces un gran orgullo y honor festejar el d\u00eda internacional de los pueblos ind\u00edgenas, el reconocer sus ra\u00edces y culturas populares que nos dan identidad nacional\u201d, por eso apunt\u00f3 que en este gobierno se est\u00e1 trabajando en ese sentido.<\/p>\n","protected":false},"excerpt":{"rendered":"<p>Por Roberto Meza\/Zunoticia Huazalingo, Hgo. &#8211; El pasado martes, el ayuntamiento que preside Julio C\u00e9sar Gonz\u00e1lez, festej\u00f3 el d\u00eda de los pueblos ind\u00edgenas con diferentes actividades en el auditorio municipal de la zona centro, con esto se busca fortalecer y preservar las tradiciones entre los pueblos originarios. El evento inici\u00f3 a la 11:00 de la&hellip; <a class=\"more-link\" href=\"https:\/\/www.zunoticia.com\/noticias-de-hidalgo\/2022\/08\/10\/conmemoraron-el-dia-internacional-de-los-pueblos-indigenas-en-huazalingo\/\">Seguir leyendo <span class=\"screen-reader-text\">Conmemoraron el d\u00eda internacional de los pueblos ind\u00edgenas en Huazalingo<\/span><\/a><\/p>\n","protected":false},"author":12,"featured_media":438503,"comment_status":"open","ping_status":"open","sticky":false,"template":"","format":"standard","meta":{"rop_custom_images_group":[],"rop_custom_messages_group":[],"rop_publish_now":"initial","rop_publish_now_accounts":{"facebook_10159540855086992_322828327761733":""},"rop_publish_now_history":[],"rop_publish_now_status":"pending","footnotes":""},"categories":[179,212],"tags":[138],"class_list":["post-438502","post","type-post","status-publish","format-standard","has-post-thumbnail","hentry","category-huasteca","category-huazalingo","tag-huazalingo","entry"],"_links":{"self":[{"href":"https:\/\/www.zunoticia.com\/noticias-de-hidalgo\/wp-json\/wp\/v2\/posts\/438502","targetHints":{"allow":["GET"]}}],"collection":[{"href":"https:\/\/www.zunoticia.com\/noticias-de-hidalgo\/wp-json\/wp\/v2\/posts"}],"about":[{"href":"https:\/\/www.zunoticia.com\/noticias-de-hidalgo\/wp-json\/wp\/v2\/types\/post"}],"author":[{"embeddable":true,"href":"https:\/\/www.zunoticia.com\/noticias-de-hidalgo\/wp-json\/wp\/v2\/users\/12"}],"replies":[{"embeddable":true,"href":"https:\/\/www.zunoticia.com\/noticias-de-hidalgo\/wp-json\/wp\/v2\/comments?post=438502"}],"version-history":[{"count":1,"href":"https:\/\/www.zunoticia.com\/noticias-de-hidalgo\/wp-json\/wp\/v2\/posts\/438502\/revisions"}],"predecessor-version":[{"id":438507,"href":"https:\/\/www.zunoticia.com\/noticias-de-hidalgo\/wp-json\/wp\/v2\/posts\/438502\/revisions\/438507"}],"wp:featuredmedia":[{"embeddable":true,"href":"https:\/\/www.zunoticia.com\/noticias-de-hidalgo\/wp-json\/wp\/v2\/media\/438503"}],"wp:attachment":[{"href":"https:\/\/www.zunoticia.com\/noticias-de-hidalgo\/wp-json\/wp\/v2\/media?parent=438502"}],"wp:term":[{"taxonomy":"category","embeddable":true,"href":"https:\/\/www.zunoticia.com\/noticias-de-hidalgo\/wp-json\/wp\/v2\/categories?post=438502"},{"taxonomy":"post_tag","embeddable":true,"href":"https:\/\/www.zunoticia.com\/noticias-de-hidalgo\/wp-json\/wp\/v2\/tags?post=438502"}],"curies":[{"name":"wp","href":"https:\/\/api.w.org\/{rel}","templated":true}]}}