{"id":438589,"date":"2022-08-10T17:16:18","date_gmt":"2022-08-10T22:16:18","guid":{"rendered":"https:\/\/www.zunoticia.com\/noticias-de-hidalgo\/?p=438589"},"modified":"2022-08-10T17:16:19","modified_gmt":"2022-08-10T22:16:19","slug":"jaltocan-ingresa-como-pueblo-indigena","status":"publish","type":"post","link":"https:\/\/www.zunoticia.com\/noticias-de-hidalgo\/2022\/08\/10\/jaltocan-ingresa-como-pueblo-indigena\/","title":{"rendered":"Jaltoc\u00e1n ingresa como Pueblo ind\u00edgena"},"content":{"rendered":"<aside class=\"mashsb-container mashsb-main mashsb-stretched\"><div class=\"mashsb-box\"><div class=\"mashsb-count mash-large\" style=\"float:left\"><div class=\"counts mashsbcount\">22<\/div><span class=\"mashsb-sharetext\">SHARES<\/span><\/div><div class=\"mashsb-buttons\"><a class=\"mashicon-facebook mash-large mash-center mashsb-noshadow\" href=\"https:\/\/www.facebook.com\/sharer.php?u=https%3A%2F%2Fwww.zunoticia.com%2Fnoticias-de-hidalgo%2F2022%2F08%2F10%2Fjaltocan-ingresa-como-pueblo-indigena%2F\" target=\"_top\" rel=\"nofollow\"><span class=\"icon\"><\/span><span class=\"text\">Share<\/span><\/a><a class=\"mashicon-twitter mash-large mash-center mashsb-noshadow\" href=\"https:\/\/twitter.com\/intent\/tweet?text=&amp;url=https:\/\/www.zunoticia.com\/noticias-de-hidalgo\/2022\/08\/10\/jaltocan-ingresa-como-pueblo-indigena\/\" target=\"_top\" rel=\"nofollow\"><span class=\"icon\"><\/span><span class=\"text\">Tweet<\/span><\/a><div class=\"onoffswitch2 mash-large mashsb-noshadow\" style=\"display:none\"><\/div><\/div>\n            <\/div>\n                <div style=\"clear:both\"><\/div><div class=\"mashsb-toggle-container\"><\/div><\/aside>\n            <!-- Share buttons by mashshare.net - Version: 4.0.47-->\n<p><em>Por \u00c1ngel Silverio\/Zunoticia<\/em><\/p>\n\n\n\n<p><strong>Jaltoc\u00e1n, Hgo. &#8211;<\/strong> Isa\u00edas Monta\u00f1o, encargado del \u00e1rea de Cultura en el municipio, dio a conocer que, en el marco del D\u00eda Internacional de los Pueblos ind\u00edgenas, Jaltoc\u00e1n recibi\u00f3 el nombramiento como \u201cmunicipio ind\u00edgena\u201d, lo cual traer\u00e1 beneficios en distintos rubros.<\/p>\n\n\n\n<p>En entrevista, el funcionario municipal se\u00f1al\u00f3 que, fue este pasado nueve de agosto, cuando acudieron al municipio de Chilcuautla, donde recibieron el nombramiento como \u201cpueblo ind\u00edgena\u201d, lo cual anteriormente no ten\u00edan y por ello, no pod\u00edan entrar a diversos programas de esta \u00edndole.<\/p>\n\n\n\n<p>El encargado de Cultura, dijo que, de esta manera se podr\u00e1n bajar recursos para las comunidades y sobre todo para apoyar a los diferentes grupos de artesanos del municipio; los cuales se encuentran muy descuidados, sin embargo, con este distintivo, podr\u00e1n acceder a proyectos y programas que anteriormente no se ten\u00eda.<\/p>\n\n\n\n<p>Al preguntarle sobre si pas\u00f3 desapercibido en el municipio dicha conmemoraci\u00f3n, justific\u00f3 que se ten\u00eda que acudir a dicho evento en el estado, sin embargo, se public\u00f3 un v\u00eddeo en las redes sociales del ayuntamiento para destacar esta fecha.<\/p>\n","protected":false},"excerpt":{"rendered":"<p>Por \u00c1ngel Silverio\/Zunoticia Jaltoc\u00e1n, Hgo. &#8211; Isa\u00edas Monta\u00f1o, encargado del \u00e1rea de Cultura en el municipio, dio a conocer que, en el marco del D\u00eda Internacional de los Pueblos ind\u00edgenas, Jaltoc\u00e1n recibi\u00f3 el nombramiento como \u201cmunicipio ind\u00edgena\u201d, lo cual traer\u00e1 beneficios en distintos rubros. En entrevista, el funcionario municipal se\u00f1al\u00f3 que, fue este pasado nueve&hellip; <a class=\"more-link\" href=\"https:\/\/www.zunoticia.com\/noticias-de-hidalgo\/2022\/08\/10\/jaltocan-ingresa-como-pueblo-indigena\/\">Seguir leyendo <span class=\"screen-reader-text\">Jaltoc\u00e1n ingresa como Pueblo ind\u00edgena<\/span><\/a><\/p>\n","protected":false},"author":12,"featured_media":438590,"comment_status":"open","ping_status":"open","sticky":false,"template":"","format":"standard","meta":{"rop_custom_images_group":[],"rop_custom_messages_group":[],"rop_publish_now":"initial","rop_publish_now_accounts":{"facebook_10159540855086992_322828327761733":""},"rop_publish_now_history":[],"rop_publish_now_status":"pending","footnotes":""},"categories":[179,200],"tags":[249],"class_list":["post-438589","post","type-post","status-publish","format-standard","has-post-thumbnail","hentry","category-huasteca","category-jaltocan","tag-jaltocan-2","entry"],"_links":{"self":[{"href":"https:\/\/www.zunoticia.com\/noticias-de-hidalgo\/wp-json\/wp\/v2\/posts\/438589","targetHints":{"allow":["GET"]}}],"collection":[{"href":"https:\/\/www.zunoticia.com\/noticias-de-hidalgo\/wp-json\/wp\/v2\/posts"}],"about":[{"href":"https:\/\/www.zunoticia.com\/noticias-de-hidalgo\/wp-json\/wp\/v2\/types\/post"}],"author":[{"embeddable":true,"href":"https:\/\/www.zunoticia.com\/noticias-de-hidalgo\/wp-json\/wp\/v2\/users\/12"}],"replies":[{"embeddable":true,"href":"https:\/\/www.zunoticia.com\/noticias-de-hidalgo\/wp-json\/wp\/v2\/comments?post=438589"}],"version-history":[{"count":1,"href":"https:\/\/www.zunoticia.com\/noticias-de-hidalgo\/wp-json\/wp\/v2\/posts\/438589\/revisions"}],"predecessor-version":[{"id":438591,"href":"https:\/\/www.zunoticia.com\/noticias-de-hidalgo\/wp-json\/wp\/v2\/posts\/438589\/revisions\/438591"}],"wp:featuredmedia":[{"embeddable":true,"href":"https:\/\/www.zunoticia.com\/noticias-de-hidalgo\/wp-json\/wp\/v2\/media\/438590"}],"wp:attachment":[{"href":"https:\/\/www.zunoticia.com\/noticias-de-hidalgo\/wp-json\/wp\/v2\/media?parent=438589"}],"wp:term":[{"taxonomy":"category","embeddable":true,"href":"https:\/\/www.zunoticia.com\/noticias-de-hidalgo\/wp-json\/wp\/v2\/categories?post=438589"},{"taxonomy":"post_tag","embeddable":true,"href":"https:\/\/www.zunoticia.com\/noticias-de-hidalgo\/wp-json\/wp\/v2\/tags?post=438589"}],"curies":[{"name":"wp","href":"https:\/\/api.w.org\/{rel}","templated":true}]}}