{"id":438739,"date":"2022-08-11T17:13:21","date_gmt":"2022-08-11T22:13:21","guid":{"rendered":"https:\/\/www.zunoticia.com\/noticias-de-hidalgo\/?p=438739"},"modified":"2022-08-11T17:13:24","modified_gmt":"2022-08-11T22:13:24","slug":"pide-sayonara-vargas-no-permitir-usos-y-costumbres-en-arreglos-de-matrimonios-con-ninas","status":"publish","type":"post","link":"https:\/\/www.zunoticia.com\/noticias-de-hidalgo\/2022\/08\/11\/pide-sayonara-vargas-no-permitir-usos-y-costumbres-en-arreglos-de-matrimonios-con-ninas\/","title":{"rendered":"Pide Sayonara Vargas no permitir usos y costumbres en arreglos de matrimonios con ni\u00f1as"},"content":{"rendered":"<aside class=\"mashsb-container mashsb-main mashsb-stretched\"><div class=\"mashsb-box\"><div class=\"mashsb-count mash-large\" style=\"float:left\"><div class=\"counts mashsbcount\">48<\/div><span class=\"mashsb-sharetext\">SHARES<\/span><\/div><div class=\"mashsb-buttons\"><a class=\"mashicon-facebook mash-large mash-center mashsb-noshadow\" href=\"https:\/\/www.facebook.com\/sharer.php?u=https%3A%2F%2Fwww.zunoticia.com%2Fnoticias-de-hidalgo%2F2022%2F08%2F11%2Fpide-sayonara-vargas-no-permitir-usos-y-costumbres-en-arreglos-de-matrimonios-con-ninas%2F\" target=\"_top\" rel=\"nofollow\"><span class=\"icon\"><\/span><span class=\"text\">Share<\/span><\/a><a class=\"mashicon-twitter mash-large mash-center mashsb-noshadow\" href=\"https:\/\/twitter.com\/intent\/tweet?text=&amp;url=https:\/\/www.zunoticia.com\/noticias-de-hidalgo\/2022\/08\/11\/pide-sayonara-vargas-no-permitir-usos-y-costumbres-en-arreglos-de-matrimonios-con-ninas\/\" target=\"_top\" rel=\"nofollow\"><span class=\"icon\"><\/span><span class=\"text\">Tweet<\/span><\/a><div class=\"onoffswitch2 mash-large mashsb-noshadow\" style=\"display:none\"><\/div><\/div>\n            <\/div>\n                <div style=\"clear:both\"><\/div><div class=\"mashsb-toggle-container\"><\/div><\/aside>\n            <!-- Share buttons by mashshare.net - Version: 4.0.47-->\n<ul class=\"wp-block-list\"><li>\u201cLa violencia contra la mujer ind\u00edgena no puede, no debe, jam\u00e1s atribuirle a los usos y costumbres de los pueblos ind\u00edgenas\u201d. Sayonara Vargas<\/li><\/ul>\n\n\n\n<p><em>Por Redacci\u00f3n\/Zunoticia<\/em><\/p>\n\n\n\n<p><strong>Ciudad de M\u00e9xico. &#8211;<\/strong> En el marco de la conmemoraci\u00f3n del D\u00eda Internacional de los Pueblos Ind\u00edgenas en la C\u00e1mara de Diputados, la representante del Grupo Parlamentario del PRI pidi\u00f3 a los integrantes de la Comisi\u00f3n de Pueblos Ind\u00edgenas y Afromexicanos, legislar con m\u00e1s seriedad y sentencias m\u00e1s duras para que no se siga permitiendo a los usos y costumbres de los pueblos ind\u00edgenas la violaci\u00f3n de los derechos humanos, en especial de las mujeres y ni\u00f1as de las comunidades.<\/p>\n\n\n\n<p>La diputada federal por el Distrito I, con cabecera en Huejutla de Reyes, Hidalgo, dijo que en M\u00e9xico tenemos a un grupo de pueblos ind\u00edgenas discriminados por su color, lengua y vestimenta, y que las mujeres hoy por hoy, triplemente son discriminadas en comunidades ind\u00edgenas.<\/p>\n\n\n\n<p>\u201cSe tienen cifras en entidades como Oaxaca y Guerrero, que las mujeres y ni\u00f1as entre 12 y 19 a\u00f1os son utilizadas para arreglar matrimonios, o las ponen en venta, y esto creo que no puede ser una acci\u00f3n que podamos todav\u00eda estar permitiendo por muchos a\u00f1os m\u00e1s,&nbsp; y que realmente tengamos una comisi\u00f3n en d\u00f3nde,&nbsp; hagamos una legislaci\u00f3n mucho m\u00e1s seria , mucho m\u00e1s dura&nbsp; y que no&nbsp; permitamos con todo respeto a los usos y costumbres de los pueblos ind\u00edgenas, la violaci\u00f3n de los derechos humanos de mujeres y ni\u00f1as de nuestras comunidades\u201d, apunt\u00f3<\/p>\n\n\n\n<p>Dijo que, cuando a una ni\u00f1a la ponen en venta, se est\u00e1n violando sus derechos humanos a la vida, a la salud, a la educaci\u00f3n, derechos b\u00e1sicos e importantes en un ser humano.<\/p>\n\n\n\n<p>Mencion\u00f3 que en nuestro pa\u00eds se tienen 23.2 millones de personas de 3 a\u00f1os en adelante que se auto nominan ind\u00edgenas, y cuestion\u00f3 cuantas de ellas (mujeres) en este momento est\u00e1n siendo maltratadas, golpeadas o psicol\u00f3gicamente da\u00f1adas.<\/p>\n\n\n\n<p>\u201cLa violencia en contra de las mujeres es un problema completamente generalizado y de derechos humanos que afectan la vida de la sociedad, obstaculiza el desarrollo, la democracia y la gobernanza\u201d.&nbsp;<\/p>\n\n\n\n<p>Durante su participaci\u00f3n la diputada se pronunci\u00f3 por que m\u00e1s all\u00e1 de un discurso pol\u00edtico, m\u00e1s all\u00e1 de una frase fuerte, se tendr\u00eda que estar reflexionando en que leyes desde el congreso se est\u00e9n realizando, c\u00f3mo se le va hacer, qu\u00e9 tienen que proponer.<\/p>\n\n\n\n<p>Otra de las grandes desigualdades que plante\u00f3 Sayonara Vargas es el acceso a la educaci\u00f3n y expres\u00f3.&nbsp; \u201cEn esta mesa a nombre del grupo parlamentario del PRI creemos que lo m\u00e1s importante en una sociedad es el tema de la educaci\u00f3n y desde ah\u00ed tendr\u00edamos que estar partiendo\u201d. Propuso fortalecer la colaboraci\u00f3n con la comisi\u00f3n de educaci\u00f3n y legislar con ambas perspectivas o en un cambio en la constituci\u00f3n, trabajar en los temas de educaci\u00f3n para el respeto de los derechos de los pueblos ind\u00edgenas.<\/p>\n\n\n\n<p>Por \u00faltimo, Sayonara Vargas se pronunci\u00f3 en cu\u00e1les ser\u00edan las acciones, los c\u00f3mos, los qu\u00e9 tendr\u00edan que estar desarrollando desde esta Comisi\u00f3n de Pueblos Ind\u00edgenas y Afromexicanos para mejorar estas expresiones de discriminaci\u00f3n, por lo que manifest\u00f3&nbsp; \u201cNos pasan los a\u00f1os&nbsp; y pareciera que estamos sumando todas las condiciones de esta triple discriminaci\u00f3n como un elemento adicional de vulnerabilidad en contexto de pobreza estructural, bajos niveles de escolaridad y otras condiciones de discriminaci\u00f3n que hacen evidente que la violencia contra la mujer ind\u00edgenas no puede, no debe, jam\u00e1s atribuirle a los usos y costumbres de los pueblos ind\u00edgenas\u201d. Concluy\u00f3<\/p>\n","protected":false},"excerpt":{"rendered":"<p>\u201cLa violencia contra la mujer ind\u00edgena no puede, no debe, jam\u00e1s atribuirle a los usos y costumbres de los pueblos ind\u00edgenas\u201d. Sayonara Vargas Por Redacci\u00f3n\/Zunoticia Ciudad de M\u00e9xico. &#8211; En el marco de la conmemoraci\u00f3n del D\u00eda Internacional de los Pueblos Ind\u00edgenas en la C\u00e1mara de Diputados, la representante del Grupo Parlamentario del PRI pidi\u00f3&hellip; <a class=\"more-link\" href=\"https:\/\/www.zunoticia.com\/noticias-de-hidalgo\/2022\/08\/11\/pide-sayonara-vargas-no-permitir-usos-y-costumbres-en-arreglos-de-matrimonios-con-ninas\/\">Seguir leyendo <span class=\"screen-reader-text\">Pide Sayonara Vargas no permitir usos y costumbres en arreglos de matrimonios con ni\u00f1as<\/span><\/a><\/p>\n","protected":false},"author":12,"featured_media":438740,"comment_status":"open","ping_status":"open","sticky":false,"template":"","format":"standard","meta":{"rop_custom_images_group":[],"rop_custom_messages_group":[],"rop_publish_now":"initial","rop_publish_now_accounts":{"facebook_10159540855086992_322828327761733":""},"rop_publish_now_history":[],"rop_publish_now_status":"pending","footnotes":""},"categories":[218],"tags":[217],"class_list":["post-438739","post","type-post","status-publish","format-standard","has-post-thumbnail","hentry","category-nacional","tag-nacional","entry"],"_links":{"self":[{"href":"https:\/\/www.zunoticia.com\/noticias-de-hidalgo\/wp-json\/wp\/v2\/posts\/438739","targetHints":{"allow":["GET"]}}],"collection":[{"href":"https:\/\/www.zunoticia.com\/noticias-de-hidalgo\/wp-json\/wp\/v2\/posts"}],"about":[{"href":"https:\/\/www.zunoticia.com\/noticias-de-hidalgo\/wp-json\/wp\/v2\/types\/post"}],"author":[{"embeddable":true,"href":"https:\/\/www.zunoticia.com\/noticias-de-hidalgo\/wp-json\/wp\/v2\/users\/12"}],"replies":[{"embeddable":true,"href":"https:\/\/www.zunoticia.com\/noticias-de-hidalgo\/wp-json\/wp\/v2\/comments?post=438739"}],"version-history":[{"count":1,"href":"https:\/\/www.zunoticia.com\/noticias-de-hidalgo\/wp-json\/wp\/v2\/posts\/438739\/revisions"}],"predecessor-version":[{"id":438741,"href":"https:\/\/www.zunoticia.com\/noticias-de-hidalgo\/wp-json\/wp\/v2\/posts\/438739\/revisions\/438741"}],"wp:featuredmedia":[{"embeddable":true,"href":"https:\/\/www.zunoticia.com\/noticias-de-hidalgo\/wp-json\/wp\/v2\/media\/438740"}],"wp:attachment":[{"href":"https:\/\/www.zunoticia.com\/noticias-de-hidalgo\/wp-json\/wp\/v2\/media?parent=438739"}],"wp:term":[{"taxonomy":"category","embeddable":true,"href":"https:\/\/www.zunoticia.com\/noticias-de-hidalgo\/wp-json\/wp\/v2\/categories?post=438739"},{"taxonomy":"post_tag","embeddable":true,"href":"https:\/\/www.zunoticia.com\/noticias-de-hidalgo\/wp-json\/wp\/v2\/tags?post=438739"}],"curies":[{"name":"wp","href":"https:\/\/api.w.org\/{rel}","templated":true}]}}