{"id":438745,"date":"2022-08-11T17:16:43","date_gmt":"2022-08-11T22:16:43","guid":{"rendered":"https:\/\/www.zunoticia.com\/noticias-de-hidalgo\/?p=438745"},"modified":"2022-08-11T17:16:45","modified_gmt":"2022-08-11T22:16:45","slug":"comercio-semifijo-en-caso-de-ser-reubicados-certeza-juridica","status":"publish","type":"post","link":"https:\/\/www.zunoticia.com\/noticias-de-hidalgo\/2022\/08\/11\/comercio-semifijo-en-caso-de-ser-reubicados-certeza-juridica\/","title":{"rendered":"Comercio semifijo en caso de ser reubicados, certeza jur\u00eddica"},"content":{"rendered":"<aside class=\"mashsb-container mashsb-main mashsb-stretched\"><div class=\"mashsb-box\"><div class=\"mashsb-count mash-large\" style=\"float:left\"><div class=\"counts mashsbcount\">1<\/div><span class=\"mashsb-sharetext\">SHARES<\/span><\/div><div class=\"mashsb-buttons\"><a class=\"mashicon-facebook mash-large mash-center mashsb-noshadow\" href=\"https:\/\/www.facebook.com\/sharer.php?u=https%3A%2F%2Fwww.zunoticia.com%2Fnoticias-de-hidalgo%2F2022%2F08%2F11%2Fcomercio-semifijo-en-caso-de-ser-reubicados-certeza-juridica%2F\" target=\"_top\" rel=\"nofollow\"><span class=\"icon\"><\/span><span class=\"text\">Share<\/span><\/a><a class=\"mashicon-twitter mash-large mash-center mashsb-noshadow\" href=\"https:\/\/twitter.com\/intent\/tweet?text=&amp;url=https:\/\/www.zunoticia.com\/noticias-de-hidalgo\/2022\/08\/11\/comercio-semifijo-en-caso-de-ser-reubicados-certeza-juridica\/\" target=\"_top\" rel=\"nofollow\"><span class=\"icon\"><\/span><span class=\"text\">Tweet<\/span><\/a><div class=\"onoffswitch2 mash-large mashsb-noshadow\" style=\"display:none\"><\/div><\/div>\n            <\/div>\n                <div style=\"clear:both\"><\/div><div class=\"mashsb-toggle-container\"><\/div><\/aside>\n            <!-- Share buttons by mashshare.net - Version: 4.0.47-->\n<p><em>Por Pedro Luciano\/Zunoticia<\/em><\/p>\n\n\n\n<p><strong>Tlanchinol, Hgo. &#8211;<\/strong> Refirieron comerciantes que desde ya hace varios meses se ha discutido entre la administraci\u00f3n p\u00fablica y el sector comercial, perteneciente a Tlanchinol, los cuales se instalan en la zona centro de la cabecera municipal, la posibilidad de una reubicaci\u00f3n por parte de los mismos comerciantes al \u00e1rea ubicada a un costado del auditorio municipal del barrio centro, con la finalidad de brindar un espacio id\u00f3neo para estos.<\/p>\n\n\n\n<p>Sin embargo, refirieron los representantes del comercio que una de las peticiones esenciales que dicho sector est\u00e1 interesado, es que posean seguridad jur\u00eddica con la cual ellos se vean amparados sobre esta \u00e1rea en particular; ya que comentan, es importante tener certeza de no volver ser reubicados de ese lugar nuevamente; por representar esto un menoscabo tanto en su econom\u00eda, as\u00ed como en la estructura de sus mismos negocios.<\/p>\n\n\n\n<p>Por lo anterior, no descartan la posibilidad de ser reubicados en un \u00e1rea espec\u00edfica para el buen desarrollo de las actividades del comercio en el municipio; sin embargo, solicitan se les brinde certeza sobre la nueva ubicaci\u00f3n donde desempe\u00f1ar\u00e1n sus diferentes giros comerciales, teniendo seguridad de no ser molestados en alg\u00fan futuro.<\/p>\n","protected":false},"excerpt":{"rendered":"<p>Por Pedro Luciano\/Zunoticia Tlanchinol, Hgo. &#8211; Refirieron comerciantes que desde ya hace varios meses se ha discutido entre la administraci\u00f3n p\u00fablica y el sector comercial, perteneciente a Tlanchinol, los cuales se instalan en la zona centro de la cabecera municipal, la posibilidad de una reubicaci\u00f3n por parte de los mismos comerciantes al \u00e1rea ubicada a&hellip; <a class=\"more-link\" href=\"https:\/\/www.zunoticia.com\/noticias-de-hidalgo\/2022\/08\/11\/comercio-semifijo-en-caso-de-ser-reubicados-certeza-juridica\/\">Seguir leyendo <span class=\"screen-reader-text\">Comercio semifijo en caso de ser reubicados, certeza jur\u00eddica<\/span><\/a><\/p>\n","protected":false},"author":12,"featured_media":438746,"comment_status":"open","ping_status":"open","sticky":false,"template":"","format":"standard","meta":{"rop_custom_images_group":[],"rop_custom_messages_group":[],"rop_publish_now":"initial","rop_publish_now_accounts":{"facebook_10159540855086992_322828327761733":""},"rop_publish_now_history":[],"rop_publish_now_status":"pending","footnotes":""},"categories":[219,201],"tags":[127],"class_list":["post-438745","post","type-post","status-publish","format-standard","has-post-thumbnail","hentry","category-sierra","category-tlanchinol","tag-tlanchinol","entry"],"_links":{"self":[{"href":"https:\/\/www.zunoticia.com\/noticias-de-hidalgo\/wp-json\/wp\/v2\/posts\/438745","targetHints":{"allow":["GET"]}}],"collection":[{"href":"https:\/\/www.zunoticia.com\/noticias-de-hidalgo\/wp-json\/wp\/v2\/posts"}],"about":[{"href":"https:\/\/www.zunoticia.com\/noticias-de-hidalgo\/wp-json\/wp\/v2\/types\/post"}],"author":[{"embeddable":true,"href":"https:\/\/www.zunoticia.com\/noticias-de-hidalgo\/wp-json\/wp\/v2\/users\/12"}],"replies":[{"embeddable":true,"href":"https:\/\/www.zunoticia.com\/noticias-de-hidalgo\/wp-json\/wp\/v2\/comments?post=438745"}],"version-history":[{"count":1,"href":"https:\/\/www.zunoticia.com\/noticias-de-hidalgo\/wp-json\/wp\/v2\/posts\/438745\/revisions"}],"predecessor-version":[{"id":438747,"href":"https:\/\/www.zunoticia.com\/noticias-de-hidalgo\/wp-json\/wp\/v2\/posts\/438745\/revisions\/438747"}],"wp:featuredmedia":[{"embeddable":true,"href":"https:\/\/www.zunoticia.com\/noticias-de-hidalgo\/wp-json\/wp\/v2\/media\/438746"}],"wp:attachment":[{"href":"https:\/\/www.zunoticia.com\/noticias-de-hidalgo\/wp-json\/wp\/v2\/media?parent=438745"}],"wp:term":[{"taxonomy":"category","embeddable":true,"href":"https:\/\/www.zunoticia.com\/noticias-de-hidalgo\/wp-json\/wp\/v2\/categories?post=438745"},{"taxonomy":"post_tag","embeddable":true,"href":"https:\/\/www.zunoticia.com\/noticias-de-hidalgo\/wp-json\/wp\/v2\/tags?post=438745"}],"curies":[{"name":"wp","href":"https:\/\/api.w.org\/{rel}","templated":true}]}}