{"id":439815,"date":"2022-08-18T14:36:42","date_gmt":"2022-08-18T19:36:42","guid":{"rendered":"https:\/\/www.zunoticia.com\/noticias-de-hidalgo\/?p=439815"},"modified":"2022-08-18T14:36:44","modified_gmt":"2022-08-18T19:36:44","slug":"realizan-jornada-medica-en-san-jose-tlanchinol","status":"publish","type":"post","link":"https:\/\/www.zunoticia.com\/noticias-de-hidalgo\/2022\/08\/18\/realizan-jornada-medica-en-san-jose-tlanchinol\/","title":{"rendered":"Realizan Jornada m\u00e9dica en San Jos\u00e9 Tlanchinol"},"content":{"rendered":"<aside class=\"mashsb-container mashsb-main mashsb-stretched\"><div class=\"mashsb-box\"><div class=\"mashsb-count mash-large\" style=\"float:left\"><div class=\"counts mashsbcount\">16<\/div><span class=\"mashsb-sharetext\">SHARES<\/span><\/div><div class=\"mashsb-buttons\"><a class=\"mashicon-facebook mash-large mash-center mashsb-noshadow\" href=\"https:\/\/www.facebook.com\/sharer.php?u=https%3A%2F%2Fwww.zunoticia.com%2Fnoticias-de-hidalgo%2F2022%2F08%2F18%2Frealizan-jornada-medica-en-san-jose-tlanchinol%2F\" target=\"_top\" rel=\"nofollow\"><span class=\"icon\"><\/span><span class=\"text\">Share<\/span><\/a><a class=\"mashicon-twitter mash-large mash-center mashsb-noshadow\" href=\"https:\/\/twitter.com\/intent\/tweet?text=&amp;url=https:\/\/www.zunoticia.com\/noticias-de-hidalgo\/2022\/08\/18\/realizan-jornada-medica-en-san-jose-tlanchinol\/\" target=\"_top\" rel=\"nofollow\"><span class=\"icon\"><\/span><span class=\"text\">Tweet<\/span><\/a><div class=\"onoffswitch2 mash-large mashsb-noshadow\" style=\"display:none\"><\/div><\/div>\n            <\/div>\n                <div style=\"clear:both\"><\/div><div class=\"mashsb-toggle-container\"><\/div><\/aside>\n            <!-- Share buttons by mashshare.net - Version: 4.0.47-->\n<p><em>Por Redacci\u00f3n\/Zunoticia<\/em><\/p>\n\n\n\n<p><strong>Tlanchinol, Hgo. &#8211;<\/strong> Con el fin de que la ciudadan\u00eda m\u00e1s necesitada goce de buena salud, el gobierno municipal de Tlanchinol, que dirige Marcos Bautista Medina en conjunto con la Coordinaci\u00f3n de Salud, llev\u00f3 a cabo una jornada medica en la comunidad de San Jos\u00e9.<\/p>\n\n\n\n<p>En dicha actividad m\u00e9dica se realizaron atenciones dentales, as\u00ed como la esterilizaci\u00f3n de caninos y felinos.<\/p>\n\n\n\n<p>Cabe destacar que, esta actividad fue coordinada por el Lic. Samuel Medina Vite. En esta sede se brindaron aproximadamente 100 atenciones dentales, entre ellas: limpiezas dentales, extracciones, colocaci\u00f3n de resinas, etc. Adem\u00e1s, se realizaron m\u00e1s de 30 esterilizaciones a mascotas; cabe se\u00f1alar que todos los servicios se otorgaron totalmente gratuitos.<\/p>\n\n\n\n<figure class=\"wp-block-image size-large\"><img fetchpriority=\"high\" decoding=\"async\" width=\"1024\" height=\"576\" src=\"https:\/\/www.zunoticia.com\/noticias-de-hidalgo\/wp-content\/uploads\/2022\/08\/WhatsApp-Image-2022-08-18-at-2.33.51-PM-1024x576.jpeg\" alt=\"\" class=\"wp-image-439817\" srcset=\"https:\/\/www.zunoticia.com\/noticias-de-hidalgo\/wp-content\/uploads\/2022\/08\/WhatsApp-Image-2022-08-18-at-2.33.51-PM-1024x576.jpeg 1024w, https:\/\/www.zunoticia.com\/noticias-de-hidalgo\/wp-content\/uploads\/2022\/08\/WhatsApp-Image-2022-08-18-at-2.33.51-PM-300x169.jpeg 300w, https:\/\/www.zunoticia.com\/noticias-de-hidalgo\/wp-content\/uploads\/2022\/08\/WhatsApp-Image-2022-08-18-at-2.33.51-PM-768x432.jpeg 768w, https:\/\/www.zunoticia.com\/noticias-de-hidalgo\/wp-content\/uploads\/2022\/08\/WhatsApp-Image-2022-08-18-at-2.33.51-PM.jpeg 1280w\" sizes=\"(max-width: 1024px) 100vw, 1024px\" \/><\/figure>\n\n\n\n<p>Se pretende que estas actividades se lleven a m\u00e1s comunidades, por lo que en d\u00edas pr\u00f3ximos se estar\u00e1 dando a conocer donde ser\u00e1n las pr\u00f3ximas sedes.<\/p>\n\n\n\n<p>Los asistentes a esta importante jornada m\u00e9dica agradecieron a las autoridades municipales y de salud, que se lleven a cabo estas actividades, ya que generan un gran impacto positivo en la poblaci\u00f3n.<\/p>\n","protected":false},"excerpt":{"rendered":"<p>Por Redacci\u00f3n\/Zunoticia Tlanchinol, Hgo. &#8211; Con el fin de que la ciudadan\u00eda m\u00e1s necesitada goce de buena salud, el gobierno municipal de Tlanchinol, que dirige Marcos Bautista Medina en conjunto con la Coordinaci\u00f3n de Salud, llev\u00f3 a cabo una jornada medica en la comunidad de San Jos\u00e9. En dicha actividad m\u00e9dica se realizaron atenciones dentales,&hellip; <a class=\"more-link\" href=\"https:\/\/www.zunoticia.com\/noticias-de-hidalgo\/2022\/08\/18\/realizan-jornada-medica-en-san-jose-tlanchinol\/\">Seguir leyendo <span class=\"screen-reader-text\">Realizan Jornada m\u00e9dica en San Jos\u00e9 Tlanchinol<\/span><\/a><\/p>\n","protected":false},"author":12,"featured_media":439816,"comment_status":"open","ping_status":"open","sticky":false,"template":"","format":"standard","meta":{"rop_custom_images_group":[],"rop_custom_messages_group":[],"rop_publish_now":"initial","rop_publish_now_accounts":{"facebook_10159540855086992_322828327761733":""},"rop_publish_now_history":[],"rop_publish_now_status":"pending","footnotes":""},"categories":[219,201],"tags":[127],"class_list":["post-439815","post","type-post","status-publish","format-standard","has-post-thumbnail","hentry","category-sierra","category-tlanchinol","tag-tlanchinol","entry"],"_links":{"self":[{"href":"https:\/\/www.zunoticia.com\/noticias-de-hidalgo\/wp-json\/wp\/v2\/posts\/439815","targetHints":{"allow":["GET"]}}],"collection":[{"href":"https:\/\/www.zunoticia.com\/noticias-de-hidalgo\/wp-json\/wp\/v2\/posts"}],"about":[{"href":"https:\/\/www.zunoticia.com\/noticias-de-hidalgo\/wp-json\/wp\/v2\/types\/post"}],"author":[{"embeddable":true,"href":"https:\/\/www.zunoticia.com\/noticias-de-hidalgo\/wp-json\/wp\/v2\/users\/12"}],"replies":[{"embeddable":true,"href":"https:\/\/www.zunoticia.com\/noticias-de-hidalgo\/wp-json\/wp\/v2\/comments?post=439815"}],"version-history":[{"count":1,"href":"https:\/\/www.zunoticia.com\/noticias-de-hidalgo\/wp-json\/wp\/v2\/posts\/439815\/revisions"}],"predecessor-version":[{"id":439818,"href":"https:\/\/www.zunoticia.com\/noticias-de-hidalgo\/wp-json\/wp\/v2\/posts\/439815\/revisions\/439818"}],"wp:featuredmedia":[{"embeddable":true,"href":"https:\/\/www.zunoticia.com\/noticias-de-hidalgo\/wp-json\/wp\/v2\/media\/439816"}],"wp:attachment":[{"href":"https:\/\/www.zunoticia.com\/noticias-de-hidalgo\/wp-json\/wp\/v2\/media?parent=439815"}],"wp:term":[{"taxonomy":"category","embeddable":true,"href":"https:\/\/www.zunoticia.com\/noticias-de-hidalgo\/wp-json\/wp\/v2\/categories?post=439815"},{"taxonomy":"post_tag","embeddable":true,"href":"https:\/\/www.zunoticia.com\/noticias-de-hidalgo\/wp-json\/wp\/v2\/tags?post=439815"}],"curies":[{"name":"wp","href":"https:\/\/api.w.org\/{rel}","templated":true}]}}