{"id":439842,"date":"2022-08-18T15:00:07","date_gmt":"2022-08-18T20:00:07","guid":{"rendered":"https:\/\/www.zunoticia.com\/noticias-de-hidalgo\/?p=439842"},"modified":"2022-08-18T15:00:10","modified_gmt":"2022-08-18T20:00:10","slug":"coordinador-del-conafe-en-hidalgo-habla-del-programa","status":"publish","type":"post","link":"https:\/\/www.zunoticia.com\/noticias-de-hidalgo\/2022\/08\/18\/coordinador-del-conafe-en-hidalgo-habla-del-programa\/","title":{"rendered":"Coordinador del CONAFE en Hidalgo habla del programa"},"content":{"rendered":"<aside class=\"mashsb-container mashsb-main mashsb-stretched\"><div class=\"mashsb-box\"><div class=\"mashsb-count mash-large\" style=\"float:left\"><div class=\"counts mashsbcount\">15<\/div><span class=\"mashsb-sharetext\">SHARES<\/span><\/div><div class=\"mashsb-buttons\"><a class=\"mashicon-facebook mash-large mash-center mashsb-noshadow\" href=\"https:\/\/www.facebook.com\/sharer.php?u=https%3A%2F%2Fwww.zunoticia.com%2Fnoticias-de-hidalgo%2F2022%2F08%2F18%2Fcoordinador-del-conafe-en-hidalgo-habla-del-programa%2F\" target=\"_top\" rel=\"nofollow\"><span class=\"icon\"><\/span><span class=\"text\">Share<\/span><\/a><a class=\"mashicon-twitter mash-large mash-center mashsb-noshadow\" href=\"https:\/\/twitter.com\/intent\/tweet?text=&amp;url=https:\/\/www.zunoticia.com\/noticias-de-hidalgo\/2022\/08\/18\/coordinador-del-conafe-en-hidalgo-habla-del-programa\/\" target=\"_top\" rel=\"nofollow\"><span class=\"icon\"><\/span><span class=\"text\">Tweet<\/span><\/a><div class=\"onoffswitch2 mash-large mashsb-noshadow\" style=\"display:none\"><\/div><\/div>\n            <\/div>\n                <div style=\"clear:both\"><\/div><div class=\"mashsb-toggle-container\"><\/div><\/aside>\n            <!-- Share buttons by mashshare.net - Version: 4.0.47-->\n<p><em>Por Pedro Luciano\/Zunoticia<\/em><\/p>\n\n\n\n<p><strong>Tlanchinol, Hgo. &#8211;<\/strong> \u201cEl programa C.O.N.A.F.E. es importante para el municipio de Tlanchinol, en donde se encuentran gestionando un programa de escuelas autogestivas para el bienestar; se est\u00e1 incluyendo a las familias con la educaci\u00f3n de una forma integral\u201d, lo fue anterior referido por el coordinador Territorial de C.O.N.A.F.E en el estado de Hidalgo, el Mtro. Joel Guerrero Ju\u00e1rez.<\/p>\n\n\n\n<p>En esta ocasi\u00f3n se continuaron las capacitaciones pertinentes a cien j\u00f3venes, quienes integrar\u00e1n este programa, dentro de las instalaciones de la escuela primaria Ni\u00f1os H\u00e9roes ubicada en la cabecera municipal; en donde se cont\u00f3 con la presencia del coordinador Territorial de C.O.N.A.F.E en el estado de Hidalgo, el Mtro. Joel Guerrero Ju\u00e1rez; la regidora Mtra. Nora Aid\u00e9 Luciano Mart\u00ednez; el regidor Lic. Daniel Ju\u00e1rez as\u00ed como tambi\u00e9n la asistencia del presidente municipal Marcos Bautista Medina.<\/p>\n\n\n\n<p>En dicho evento, refiri\u00f3 el coordinador Territorial de C.O.N.A.F.E en Hidalgo, que se est\u00e1n capacitando a estos j\u00f3venes con la finalidad de que puedan brindar un servicio ideal para colaborar en la generaci\u00f3n de una correcta educaci\u00f3n entre las comunidades, que sea una educaci\u00f3n impartida para la vida y que, con ella, se logren solucionar los problemas de cada uno de los municipios.<\/p>\n\n\n\n<p>Concluy\u00f3 refiriendo que, es por lo anterior la importancia del programa C.O.N.A.F.E en el municipio de Tlanchinol, en especial para la soluci\u00f3n de los problemas espec\u00edficos de cada una de las comunidades, utilizando la educaci\u00f3n como una pr\u00e1ctica necesaria para el correcto progreso.<\/p>\n","protected":false},"excerpt":{"rendered":"<p>Por Pedro Luciano\/Zunoticia Tlanchinol, Hgo. &#8211; \u201cEl programa C.O.N.A.F.E. es importante para el municipio de Tlanchinol, en donde se encuentran gestionando un programa de escuelas autogestivas para el bienestar; se est\u00e1 incluyendo a las familias con la educaci\u00f3n de una forma integral\u201d, lo fue anterior referido por el coordinador Territorial de C.O.N.A.F.E en el estado&hellip; <a class=\"more-link\" href=\"https:\/\/www.zunoticia.com\/noticias-de-hidalgo\/2022\/08\/18\/coordinador-del-conafe-en-hidalgo-habla-del-programa\/\">Seguir leyendo <span class=\"screen-reader-text\">Coordinador del CONAFE en Hidalgo habla del programa<\/span><\/a><\/p>\n","protected":false},"author":12,"featured_media":439843,"comment_status":"open","ping_status":"open","sticky":false,"template":"","format":"standard","meta":{"rop_custom_images_group":[],"rop_custom_messages_group":[],"rop_publish_now":"initial","rop_publish_now_accounts":{"facebook_10159540855086992_322828327761733":""},"rop_publish_now_history":[],"rop_publish_now_status":"pending","footnotes":""},"categories":[219,201],"tags":[127],"class_list":["post-439842","post","type-post","status-publish","format-standard","has-post-thumbnail","hentry","category-sierra","category-tlanchinol","tag-tlanchinol","entry"],"_links":{"self":[{"href":"https:\/\/www.zunoticia.com\/noticias-de-hidalgo\/wp-json\/wp\/v2\/posts\/439842","targetHints":{"allow":["GET"]}}],"collection":[{"href":"https:\/\/www.zunoticia.com\/noticias-de-hidalgo\/wp-json\/wp\/v2\/posts"}],"about":[{"href":"https:\/\/www.zunoticia.com\/noticias-de-hidalgo\/wp-json\/wp\/v2\/types\/post"}],"author":[{"embeddable":true,"href":"https:\/\/www.zunoticia.com\/noticias-de-hidalgo\/wp-json\/wp\/v2\/users\/12"}],"replies":[{"embeddable":true,"href":"https:\/\/www.zunoticia.com\/noticias-de-hidalgo\/wp-json\/wp\/v2\/comments?post=439842"}],"version-history":[{"count":1,"href":"https:\/\/www.zunoticia.com\/noticias-de-hidalgo\/wp-json\/wp\/v2\/posts\/439842\/revisions"}],"predecessor-version":[{"id":439844,"href":"https:\/\/www.zunoticia.com\/noticias-de-hidalgo\/wp-json\/wp\/v2\/posts\/439842\/revisions\/439844"}],"wp:featuredmedia":[{"embeddable":true,"href":"https:\/\/www.zunoticia.com\/noticias-de-hidalgo\/wp-json\/wp\/v2\/media\/439843"}],"wp:attachment":[{"href":"https:\/\/www.zunoticia.com\/noticias-de-hidalgo\/wp-json\/wp\/v2\/media?parent=439842"}],"wp:term":[{"taxonomy":"category","embeddable":true,"href":"https:\/\/www.zunoticia.com\/noticias-de-hidalgo\/wp-json\/wp\/v2\/categories?post=439842"},{"taxonomy":"post_tag","embeddable":true,"href":"https:\/\/www.zunoticia.com\/noticias-de-hidalgo\/wp-json\/wp\/v2\/tags?post=439842"}],"curies":[{"name":"wp","href":"https:\/\/api.w.org\/{rel}","templated":true}]}}