{"id":439849,"date":"2022-08-18T15:13:02","date_gmt":"2022-08-18T20:13:02","guid":{"rendered":"https:\/\/www.zunoticia.com\/noticias-de-hidalgo\/?p=439849"},"modified":"2022-08-18T15:13:04","modified_gmt":"2022-08-18T20:13:04","slug":"maestros-en-capacitacion-para-iniciar-ciclo-escolar-2022-2023","status":"publish","type":"post","link":"https:\/\/www.zunoticia.com\/noticias-de-hidalgo\/2022\/08\/18\/maestros-en-capacitacion-para-iniciar-ciclo-escolar-2022-2023\/","title":{"rendered":"Maestros en Capacitaci\u00f3n para iniciar Ciclo Escolar 2022-2023"},"content":{"rendered":"<aside class=\"mashsb-container mashsb-main mashsb-stretched\"><div class=\"mashsb-box\"><div class=\"mashsb-count mash-large\" style=\"float:left\"><div class=\"counts mashsbcount\">25<\/div><span class=\"mashsb-sharetext\">SHARES<\/span><\/div><div class=\"mashsb-buttons\"><a class=\"mashicon-facebook mash-large mash-center mashsb-noshadow\" href=\"https:\/\/www.facebook.com\/sharer.php?u=https%3A%2F%2Fwww.zunoticia.com%2Fnoticias-de-hidalgo%2F2022%2F08%2F18%2Fmaestros-en-capacitacion-para-iniciar-ciclo-escolar-2022-2023%2F\" target=\"_top\" rel=\"nofollow\"><span class=\"icon\"><\/span><span class=\"text\">Share<\/span><\/a><a class=\"mashicon-twitter mash-large mash-center mashsb-noshadow\" href=\"https:\/\/twitter.com\/intent\/tweet?text=&amp;url=https:\/\/www.zunoticia.com\/noticias-de-hidalgo\/2022\/08\/18\/maestros-en-capacitacion-para-iniciar-ciclo-escolar-2022-2023\/\" target=\"_top\" rel=\"nofollow\"><span class=\"icon\"><\/span><span class=\"text\">Tweet<\/span><\/a><div class=\"onoffswitch2 mash-large mashsb-noshadow\" style=\"display:none\"><\/div><\/div>\n            <\/div>\n                <div style=\"clear:both\"><\/div><div class=\"mashsb-toggle-container\"><\/div><\/aside>\n            <!-- Share buttons by mashshare.net - Version: 4.0.47-->\n<p><em>Por Enedino Hern\u00e1ndez\/Zunoticia<\/em><\/p>\n\n\n\n<p><strong>Huejutla, Hgo. &#8211;<\/strong> Las y los maestros del sistema de educaci\u00f3n b\u00e1sica llevan a cabo los preparativos correspondientes, mediante una intensa capacitaci\u00f3n previa para iniciar el 29 de agosto con el Ciclo Escolar 2022-2023.<\/p>\n\n\n\n<p>El maestro de Primaria Ind\u00edgena, Celino Aguilar Salas, indic\u00f3 que primeramente se capacit\u00f3 a los supervisores y directores, posteriormente los maestros del nivel b\u00e1sico a efecto de estar debidamente preparados para el inicio del ciclo escolar.<\/p>\n\n\n\n<p>Subray\u00f3 que el inicio del ciclo escolar es a partir del d\u00eda 29 de agosto, cuando se tiene entendido que en la mayor\u00eda de las instituciones educativas las clases ser\u00e1n de manera presencial, pero tambi\u00e9n se sabe que, en algunas otras debido a la situaci\u00f3n sanitaria, podr\u00edan realizarse de manera h\u00edbrida, presencial y virtual.<\/p>\n\n\n\n<p>Para concluir, pide a los padres de familia que de manera oportuna env\u00eden a sus hijos a las instituciones educativas para que fortalezcan sus conocimientos y aprendizaje, \u201cporque la educaci\u00f3n es algo fundamental que debe fortalecerse, ya que ello es el futuro de los ni\u00f1os y j\u00f3venes\u201d.<\/p>\n","protected":false},"excerpt":{"rendered":"<p>Por Enedino Hern\u00e1ndez\/Zunoticia Huejutla, Hgo. &#8211; Las y los maestros del sistema de educaci\u00f3n b\u00e1sica llevan a cabo los preparativos correspondientes, mediante una intensa capacitaci\u00f3n previa para iniciar el 29 de agosto con el Ciclo Escolar 2022-2023. El maestro de Primaria Ind\u00edgena, Celino Aguilar Salas, indic\u00f3 que primeramente se capacit\u00f3 a los supervisores y directores,&hellip; <a class=\"more-link\" href=\"https:\/\/www.zunoticia.com\/noticias-de-hidalgo\/2022\/08\/18\/maestros-en-capacitacion-para-iniciar-ciclo-escolar-2022-2023\/\">Seguir leyendo <span class=\"screen-reader-text\">Maestros en Capacitaci\u00f3n para iniciar Ciclo Escolar 2022-2023<\/span><\/a><\/p>\n","protected":false},"author":12,"featured_media":439850,"comment_status":"open","ping_status":"open","sticky":false,"template":"","format":"standard","meta":{"rop_custom_images_group":[],"rop_custom_messages_group":[],"rop_publish_now":"initial","rop_publish_now_accounts":{"facebook_10159540855086992_322828327761733":""},"rop_publish_now_history":[],"rop_publish_now_status":"pending","footnotes":""},"categories":[181],"tags":[121],"class_list":["post-439849","post","type-post","status-publish","format-standard","has-post-thumbnail","hentry","category-huejutla","tag-huejutla","entry"],"_links":{"self":[{"href":"https:\/\/www.zunoticia.com\/noticias-de-hidalgo\/wp-json\/wp\/v2\/posts\/439849","targetHints":{"allow":["GET"]}}],"collection":[{"href":"https:\/\/www.zunoticia.com\/noticias-de-hidalgo\/wp-json\/wp\/v2\/posts"}],"about":[{"href":"https:\/\/www.zunoticia.com\/noticias-de-hidalgo\/wp-json\/wp\/v2\/types\/post"}],"author":[{"embeddable":true,"href":"https:\/\/www.zunoticia.com\/noticias-de-hidalgo\/wp-json\/wp\/v2\/users\/12"}],"replies":[{"embeddable":true,"href":"https:\/\/www.zunoticia.com\/noticias-de-hidalgo\/wp-json\/wp\/v2\/comments?post=439849"}],"version-history":[{"count":1,"href":"https:\/\/www.zunoticia.com\/noticias-de-hidalgo\/wp-json\/wp\/v2\/posts\/439849\/revisions"}],"predecessor-version":[{"id":439851,"href":"https:\/\/www.zunoticia.com\/noticias-de-hidalgo\/wp-json\/wp\/v2\/posts\/439849\/revisions\/439851"}],"wp:featuredmedia":[{"embeddable":true,"href":"https:\/\/www.zunoticia.com\/noticias-de-hidalgo\/wp-json\/wp\/v2\/media\/439850"}],"wp:attachment":[{"href":"https:\/\/www.zunoticia.com\/noticias-de-hidalgo\/wp-json\/wp\/v2\/media?parent=439849"}],"wp:term":[{"taxonomy":"category","embeddable":true,"href":"https:\/\/www.zunoticia.com\/noticias-de-hidalgo\/wp-json\/wp\/v2\/categories?post=439849"},{"taxonomy":"post_tag","embeddable":true,"href":"https:\/\/www.zunoticia.com\/noticias-de-hidalgo\/wp-json\/wp\/v2\/tags?post=439849"}],"curies":[{"name":"wp","href":"https:\/\/api.w.org\/{rel}","templated":true}]}}