{"id":439852,"date":"2022-08-18T15:14:47","date_gmt":"2022-08-18T20:14:47","guid":{"rendered":"https:\/\/www.zunoticia.com\/noticias-de-hidalgo\/?p=439852"},"modified":"2022-08-18T15:14:49","modified_gmt":"2022-08-18T20:14:49","slug":"bomberos-festejaran-su-dia-el-22-de-agosto","status":"publish","type":"post","link":"https:\/\/www.zunoticia.com\/noticias-de-hidalgo\/2022\/08\/18\/bomberos-festejaran-su-dia-el-22-de-agosto\/","title":{"rendered":"Bomberos festejar\u00e1n su d\u00eda el 22 de agosto"},"content":{"rendered":"<aside class=\"mashsb-container mashsb-main mashsb-stretched\"><div class=\"mashsb-box\"><div class=\"mashsb-count mash-large\" style=\"float:left\"><div class=\"counts mashsbcount\">13<\/div><span class=\"mashsb-sharetext\">SHARES<\/span><\/div><div class=\"mashsb-buttons\"><a class=\"mashicon-facebook mash-large mash-center mashsb-noshadow\" href=\"https:\/\/www.facebook.com\/sharer.php?u=https%3A%2F%2Fwww.zunoticia.com%2Fnoticias-de-hidalgo%2F2022%2F08%2F18%2Fbomberos-festejaran-su-dia-el-22-de-agosto%2F\" target=\"_top\" rel=\"nofollow\"><span class=\"icon\"><\/span><span class=\"text\">Share<\/span><\/a><a class=\"mashicon-twitter mash-large mash-center mashsb-noshadow\" href=\"https:\/\/twitter.com\/intent\/tweet?text=&amp;url=https:\/\/www.zunoticia.com\/noticias-de-hidalgo\/2022\/08\/18\/bomberos-festejaran-su-dia-el-22-de-agosto\/\" target=\"_top\" rel=\"nofollow\"><span class=\"icon\"><\/span><span class=\"text\">Tweet<\/span><\/a><div class=\"onoffswitch2 mash-large mashsb-noshadow\" style=\"display:none\"><\/div><\/div>\n            <\/div>\n                <div style=\"clear:both\"><\/div><div class=\"mashsb-toggle-container\"><\/div><\/aside>\n            <!-- Share buttons by mashshare.net - Version: 4.0.47-->\n<p><em>Por Francisco Rosas\/Zunoticia<\/em><\/p>\n\n\n\n<p><strong>Huejutla, Hgo. &#8211;<\/strong> Integrantes del Heroico Cuerpo de Bomberos de esta ciudad, se preparan para festejar su d\u00eda, el pr\u00f3ximo lunes 22 de agosto.<\/p>\n\n\n\n<p>Al respecto, Carlos Francisco Hidalgo Contreras, instructor del cuerpo de rescate y salvamento, inform\u00f3 que, como cada a\u00f1o, se celebra el D\u00eda Nacional del Bombero, para recordar a los elementos que han perdido la vida en cumplimiento con su deber.<\/p>\n\n\n\n<p>Dijo que, previo al festejo, despu\u00e9s de dos a\u00f1os que no lo hab\u00edan realizado, est\u00e1n haciendo un recorrido por los negocios para solicitar el apoyo en especie o econ\u00f3mico, para la compra de uniformes de uso diario, playeras, pantalones, botas, gorras, chalecos; tambi\u00e9n para el mantenimiento de las unidades y el cuartel.<\/p>\n\n\n\n<p>Para el pr\u00f3ximo lunes, a las 09:00 de la ma\u00f1ana, habr\u00e1 una misa de acci\u00f3n de gracias en la Catedral de la zona centro y m\u00e1s tarde los bomberos tendr\u00e1n un convivio, solo con el personal y mandos, debido a la contingencia sanitaria.<\/p>\n","protected":false},"excerpt":{"rendered":"<p>Por Francisco Rosas\/Zunoticia Huejutla, Hgo. &#8211; Integrantes del Heroico Cuerpo de Bomberos de esta ciudad, se preparan para festejar su d\u00eda, el pr\u00f3ximo lunes 22 de agosto. Al respecto, Carlos Francisco Hidalgo Contreras, instructor del cuerpo de rescate y salvamento, inform\u00f3 que, como cada a\u00f1o, se celebra el D\u00eda Nacional del Bombero, para recordar a&hellip; <a class=\"more-link\" href=\"https:\/\/www.zunoticia.com\/noticias-de-hidalgo\/2022\/08\/18\/bomberos-festejaran-su-dia-el-22-de-agosto\/\">Seguir leyendo <span class=\"screen-reader-text\">Bomberos festejar\u00e1n su d\u00eda el 22 de agosto<\/span><\/a><\/p>\n","protected":false},"author":12,"featured_media":439853,"comment_status":"open","ping_status":"open","sticky":false,"template":"","format":"standard","meta":{"rop_custom_images_group":[],"rop_custom_messages_group":[],"rop_publish_now":"initial","rop_publish_now_accounts":{"facebook_10159540855086992_322828327761733":""},"rop_publish_now_history":[],"rop_publish_now_status":"pending","footnotes":""},"categories":[181],"tags":[121],"class_list":["post-439852","post","type-post","status-publish","format-standard","has-post-thumbnail","hentry","category-huejutla","tag-huejutla","entry"],"_links":{"self":[{"href":"https:\/\/www.zunoticia.com\/noticias-de-hidalgo\/wp-json\/wp\/v2\/posts\/439852","targetHints":{"allow":["GET"]}}],"collection":[{"href":"https:\/\/www.zunoticia.com\/noticias-de-hidalgo\/wp-json\/wp\/v2\/posts"}],"about":[{"href":"https:\/\/www.zunoticia.com\/noticias-de-hidalgo\/wp-json\/wp\/v2\/types\/post"}],"author":[{"embeddable":true,"href":"https:\/\/www.zunoticia.com\/noticias-de-hidalgo\/wp-json\/wp\/v2\/users\/12"}],"replies":[{"embeddable":true,"href":"https:\/\/www.zunoticia.com\/noticias-de-hidalgo\/wp-json\/wp\/v2\/comments?post=439852"}],"version-history":[{"count":1,"href":"https:\/\/www.zunoticia.com\/noticias-de-hidalgo\/wp-json\/wp\/v2\/posts\/439852\/revisions"}],"predecessor-version":[{"id":439854,"href":"https:\/\/www.zunoticia.com\/noticias-de-hidalgo\/wp-json\/wp\/v2\/posts\/439852\/revisions\/439854"}],"wp:featuredmedia":[{"embeddable":true,"href":"https:\/\/www.zunoticia.com\/noticias-de-hidalgo\/wp-json\/wp\/v2\/media\/439853"}],"wp:attachment":[{"href":"https:\/\/www.zunoticia.com\/noticias-de-hidalgo\/wp-json\/wp\/v2\/media?parent=439852"}],"wp:term":[{"taxonomy":"category","embeddable":true,"href":"https:\/\/www.zunoticia.com\/noticias-de-hidalgo\/wp-json\/wp\/v2\/categories?post=439852"},{"taxonomy":"post_tag","embeddable":true,"href":"https:\/\/www.zunoticia.com\/noticias-de-hidalgo\/wp-json\/wp\/v2\/tags?post=439852"}],"curies":[{"name":"wp","href":"https:\/\/api.w.org\/{rel}","templated":true}]}}