{"id":439864,"date":"2022-08-18T16:21:26","date_gmt":"2022-08-18T21:21:26","guid":{"rendered":"https:\/\/www.zunoticia.com\/noticias-de-hidalgo\/?p=439864"},"modified":"2022-08-18T16:21:29","modified_gmt":"2022-08-18T21:21:29","slug":"maestro-egresado-de-la-upn-gano-plaza","status":"publish","type":"post","link":"https:\/\/www.zunoticia.com\/noticias-de-hidalgo\/2022\/08\/18\/maestro-egresado-de-la-upn-gano-plaza\/","title":{"rendered":"Maestro egresado de la UPN gan\u00f3 plaza"},"content":{"rendered":"<aside class=\"mashsb-container mashsb-main mashsb-stretched\"><div class=\"mashsb-box\"><div class=\"mashsb-count mash-large\" style=\"float:left\"><div class=\"counts mashsbcount\">41<\/div><span class=\"mashsb-sharetext\">SHARES<\/span><\/div><div class=\"mashsb-buttons\"><a class=\"mashicon-facebook mash-large mash-center mashsb-noshadow\" href=\"https:\/\/www.facebook.com\/sharer.php?u=https%3A%2F%2Fwww.zunoticia.com%2Fnoticias-de-hidalgo%2F2022%2F08%2F18%2Fmaestro-egresado-de-la-upn-gano-plaza%2F\" target=\"_top\" rel=\"nofollow\"><span class=\"icon\"><\/span><span class=\"text\">Share<\/span><\/a><a class=\"mashicon-twitter mash-large mash-center mashsb-noshadow\" href=\"https:\/\/twitter.com\/intent\/tweet?text=&amp;url=https:\/\/www.zunoticia.com\/noticias-de-hidalgo\/2022\/08\/18\/maestro-egresado-de-la-upn-gano-plaza\/\" target=\"_top\" rel=\"nofollow\"><span class=\"icon\"><\/span><span class=\"text\">Tweet<\/span><\/a><div class=\"onoffswitch2 mash-large mashsb-noshadow\" style=\"display:none\"><\/div><\/div>\n            <\/div>\n                <div style=\"clear:both\"><\/div><div class=\"mashsb-toggle-container\"><\/div><\/aside>\n            <!-- Share buttons by mashshare.net - Version: 4.0.47-->\n<p><em>Por Francisco Rosas\/Zunoticia<\/em><\/p>\n\n\n\n<p><strong>Huejutla, Hgo. &#8211;<\/strong> El profesor Edgardo Hern\u00e1ndez Vite, egresado de la Universidad Pedag\u00f3gica Nacional (UPN), Sede-Huejutla, gan\u00f3 una plaza como docente de educaci\u00f3n primaria ind\u00edgena.<\/p>\n\n\n\n<p>El profesor manifest\u00f3 estar contento, orgulloso de su formaci\u00f3n y designaci\u00f3n de su plaza, mientras que el personal de la UPN reconoce y felicita al maestro por haber egresado de la Licenciatura en Intervenci\u00f3n Educativa (LIE), as\u00ed como obtenido el primer lugar a nivel estatal en la asignaci\u00f3n de una plaza de educaci\u00f3n primaria para el medio ind\u00edgena.<\/p>\n\n\n\n<p>Los resultados fueron generados en el concurso estatal para el ingreso al servicio profesional docente, por parte de la Unidad del Sistema para la Carrera de las Maestras y Maestros (USICAMM).<\/p>\n\n\n\n<p>Los resultados obtenidos en esta evaluaci\u00f3n de asignaci\u00f3n de plazas docentes, es el producto del compromiso, esfuerzo y dedicaci\u00f3n del egresado, as\u00ed como de toda la labor de quienes participa en esta casa de estudios, afirm\u00f3 personal de la UPN.<\/p>\n","protected":false},"excerpt":{"rendered":"<p>Por Francisco Rosas\/Zunoticia Huejutla, Hgo. &#8211; El profesor Edgardo Hern\u00e1ndez Vite, egresado de la Universidad Pedag\u00f3gica Nacional (UPN), Sede-Huejutla, gan\u00f3 una plaza como docente de educaci\u00f3n primaria ind\u00edgena. El profesor manifest\u00f3 estar contento, orgulloso de su formaci\u00f3n y designaci\u00f3n de su plaza, mientras que el personal de la UPN reconoce y felicita al maestro por&hellip; <a class=\"more-link\" href=\"https:\/\/www.zunoticia.com\/noticias-de-hidalgo\/2022\/08\/18\/maestro-egresado-de-la-upn-gano-plaza\/\">Seguir leyendo <span class=\"screen-reader-text\">Maestro egresado de la UPN gan\u00f3 plaza<\/span><\/a><\/p>\n","protected":false},"author":12,"featured_media":439865,"comment_status":"open","ping_status":"open","sticky":false,"template":"","format":"standard","meta":{"rop_custom_images_group":[],"rop_custom_messages_group":[],"rop_publish_now":"initial","rop_publish_now_accounts":{"facebook_10159540855086992_322828327761733":""},"rop_publish_now_history":[],"rop_publish_now_status":"pending","footnotes":""},"categories":[181],"tags":[121],"class_list":["post-439864","post","type-post","status-publish","format-standard","has-post-thumbnail","hentry","category-huejutla","tag-huejutla","entry"],"_links":{"self":[{"href":"https:\/\/www.zunoticia.com\/noticias-de-hidalgo\/wp-json\/wp\/v2\/posts\/439864","targetHints":{"allow":["GET"]}}],"collection":[{"href":"https:\/\/www.zunoticia.com\/noticias-de-hidalgo\/wp-json\/wp\/v2\/posts"}],"about":[{"href":"https:\/\/www.zunoticia.com\/noticias-de-hidalgo\/wp-json\/wp\/v2\/types\/post"}],"author":[{"embeddable":true,"href":"https:\/\/www.zunoticia.com\/noticias-de-hidalgo\/wp-json\/wp\/v2\/users\/12"}],"replies":[{"embeddable":true,"href":"https:\/\/www.zunoticia.com\/noticias-de-hidalgo\/wp-json\/wp\/v2\/comments?post=439864"}],"version-history":[{"count":1,"href":"https:\/\/www.zunoticia.com\/noticias-de-hidalgo\/wp-json\/wp\/v2\/posts\/439864\/revisions"}],"predecessor-version":[{"id":439866,"href":"https:\/\/www.zunoticia.com\/noticias-de-hidalgo\/wp-json\/wp\/v2\/posts\/439864\/revisions\/439866"}],"wp:featuredmedia":[{"embeddable":true,"href":"https:\/\/www.zunoticia.com\/noticias-de-hidalgo\/wp-json\/wp\/v2\/media\/439865"}],"wp:attachment":[{"href":"https:\/\/www.zunoticia.com\/noticias-de-hidalgo\/wp-json\/wp\/v2\/media?parent=439864"}],"wp:term":[{"taxonomy":"category","embeddable":true,"href":"https:\/\/www.zunoticia.com\/noticias-de-hidalgo\/wp-json\/wp\/v2\/categories?post=439864"},{"taxonomy":"post_tag","embeddable":true,"href":"https:\/\/www.zunoticia.com\/noticias-de-hidalgo\/wp-json\/wp\/v2\/tags?post=439864"}],"curies":[{"name":"wp","href":"https:\/\/api.w.org\/{rel}","templated":true}]}}