{"id":439874,"date":"2022-08-18T16:26:11","date_gmt":"2022-08-18T21:26:11","guid":{"rendered":"https:\/\/www.zunoticia.com\/noticias-de-hidalgo\/?p=439874"},"modified":"2022-08-18T16:26:13","modified_gmt":"2022-08-18T21:26:13","slug":"frijol-de-castilan-listo-para-las-fiestas-xantoleras","status":"publish","type":"post","link":"https:\/\/www.zunoticia.com\/noticias-de-hidalgo\/2022\/08\/18\/frijol-de-castilan-listo-para-las-fiestas-xantoleras\/","title":{"rendered":"Frijol de Castilan, listo para las fiestas xantoleras"},"content":{"rendered":"<aside class=\"mashsb-container mashsb-main mashsb-stretched\"><div class=\"mashsb-box\"><div class=\"mashsb-count mash-large\" style=\"float:left\"><div class=\"counts mashsbcount\">23<\/div><span class=\"mashsb-sharetext\">SHARES<\/span><\/div><div class=\"mashsb-buttons\"><a class=\"mashicon-facebook mash-large mash-center mashsb-noshadow\" href=\"https:\/\/www.facebook.com\/sharer.php?u=https%3A%2F%2Fwww.zunoticia.com%2Fnoticias-de-hidalgo%2F2022%2F08%2F18%2Ffrijol-de-castilan-listo-para-las-fiestas-xantoleras%2F\" target=\"_top\" rel=\"nofollow\"><span class=\"icon\"><\/span><span class=\"text\">Share<\/span><\/a><a class=\"mashicon-twitter mash-large mash-center mashsb-noshadow\" href=\"https:\/\/twitter.com\/intent\/tweet?text=&amp;url=https:\/\/www.zunoticia.com\/noticias-de-hidalgo\/2022\/08\/18\/frijol-de-castilan-listo-para-las-fiestas-xantoleras\/\" target=\"_top\" rel=\"nofollow\"><span class=\"icon\"><\/span><span class=\"text\">Tweet<\/span><\/a><div class=\"onoffswitch2 mash-large mashsb-noshadow\" style=\"display:none\"><\/div><\/div>\n            <\/div>\n                <div style=\"clear:both\"><\/div><div class=\"mashsb-toggle-container\"><\/div><\/aside>\n            <!-- Share buttons by mashshare.net - Version: 4.0.47-->\n<p><em>Por Gabriela Hern\u00e1ndez\/Zunoticia<\/em><\/p>\n\n\n\n<p><strong>Huejutla, Hgo. &#8211;<\/strong> Juan Francisco Hern\u00e1ndez, quien se dedica a la venta de frijol de castilan y otros productos del campo, coment\u00f3 para este medio informativo el proceso de siembra que se realiza para obtenerlo.<\/p>\n\n\n\n<p>Mencion\u00f3 que, en el mes de febrero es cuando inicia la siembra en la comunidad de Candelaria, despu\u00e9s de 3 meses se corta, posteriormente se hace lo mismo cada 3 d\u00edas para que no se seque.<\/p>\n\n\n\n<figure class=\"wp-block-image size-full\"><img fetchpriority=\"high\" decoding=\"async\" width=\"804\" height=\"591\" src=\"https:\/\/www.zunoticia.com\/noticias-de-hidalgo\/wp-content\/uploads\/2022\/08\/WhatsApp-Image-2022-08-18-at-4.02.43-PM.jpeg\" alt=\"\" class=\"wp-image-439876\" srcset=\"https:\/\/www.zunoticia.com\/noticias-de-hidalgo\/wp-content\/uploads\/2022\/08\/WhatsApp-Image-2022-08-18-at-4.02.43-PM.jpeg 804w, https:\/\/www.zunoticia.com\/noticias-de-hidalgo\/wp-content\/uploads\/2022\/08\/WhatsApp-Image-2022-08-18-at-4.02.43-PM-300x221.jpeg 300w, https:\/\/www.zunoticia.com\/noticias-de-hidalgo\/wp-content\/uploads\/2022\/08\/WhatsApp-Image-2022-08-18-at-4.02.43-PM-768x565.jpeg 768w\" sizes=\"(max-width: 804px) 100vw, 804px\" \/><\/figure>\n\n\n\n<p>De igual forma dijo que, en este mes de agosto tambi\u00e9n se siembra, desarrollando el mismo proceso, para que la cosecha est\u00e9 lista en el mes de noviembre para utilizarlo en las pr\u00f3ximas fiestas del Xantolo.<\/p>\n\n\n\n<p>Agreg\u00f3 que las ventas actualmente han estado muy tranquilas, &#8220;Ya no se puede ahorrar, porque vamos pas\u00e1ndola nada m\u00e1s, ni modo qu\u00e9 podemos hacer&#8221;.<\/p>\n\n\n\n<p>Por \u00faltimo, agreg\u00f3 que actualmente est\u00e1n las cosechas de pl\u00e1tano manzano criollo, que es lo que les est\u00e1 favoreciendo en cuanto a su econom\u00eda.<\/p>\n","protected":false},"excerpt":{"rendered":"<p>Por Gabriela Hern\u00e1ndez\/Zunoticia Huejutla, Hgo. &#8211; Juan Francisco Hern\u00e1ndez, quien se dedica a la venta de frijol de castilan y otros productos del campo, coment\u00f3 para este medio informativo el proceso de siembra que se realiza para obtenerlo. Mencion\u00f3 que, en el mes de febrero es cuando inicia la siembra en la comunidad de Candelaria,&hellip; <a class=\"more-link\" href=\"https:\/\/www.zunoticia.com\/noticias-de-hidalgo\/2022\/08\/18\/frijol-de-castilan-listo-para-las-fiestas-xantoleras\/\">Seguir leyendo <span class=\"screen-reader-text\">Frijol de Castilan, listo para las fiestas xantoleras<\/span><\/a><\/p>\n","protected":false},"author":12,"featured_media":439875,"comment_status":"open","ping_status":"open","sticky":false,"template":"","format":"standard","meta":{"rop_custom_images_group":[],"rop_custom_messages_group":[],"rop_publish_now":"initial","rop_publish_now_accounts":{"facebook_10159540855086992_322828327761733":""},"rop_publish_now_history":[],"rop_publish_now_status":"pending","footnotes":""},"categories":[181],"tags":[121],"class_list":["post-439874","post","type-post","status-publish","format-standard","has-post-thumbnail","hentry","category-huejutla","tag-huejutla","entry"],"_links":{"self":[{"href":"https:\/\/www.zunoticia.com\/noticias-de-hidalgo\/wp-json\/wp\/v2\/posts\/439874","targetHints":{"allow":["GET"]}}],"collection":[{"href":"https:\/\/www.zunoticia.com\/noticias-de-hidalgo\/wp-json\/wp\/v2\/posts"}],"about":[{"href":"https:\/\/www.zunoticia.com\/noticias-de-hidalgo\/wp-json\/wp\/v2\/types\/post"}],"author":[{"embeddable":true,"href":"https:\/\/www.zunoticia.com\/noticias-de-hidalgo\/wp-json\/wp\/v2\/users\/12"}],"replies":[{"embeddable":true,"href":"https:\/\/www.zunoticia.com\/noticias-de-hidalgo\/wp-json\/wp\/v2\/comments?post=439874"}],"version-history":[{"count":1,"href":"https:\/\/www.zunoticia.com\/noticias-de-hidalgo\/wp-json\/wp\/v2\/posts\/439874\/revisions"}],"predecessor-version":[{"id":439877,"href":"https:\/\/www.zunoticia.com\/noticias-de-hidalgo\/wp-json\/wp\/v2\/posts\/439874\/revisions\/439877"}],"wp:featuredmedia":[{"embeddable":true,"href":"https:\/\/www.zunoticia.com\/noticias-de-hidalgo\/wp-json\/wp\/v2\/media\/439875"}],"wp:attachment":[{"href":"https:\/\/www.zunoticia.com\/noticias-de-hidalgo\/wp-json\/wp\/v2\/media?parent=439874"}],"wp:term":[{"taxonomy":"category","embeddable":true,"href":"https:\/\/www.zunoticia.com\/noticias-de-hidalgo\/wp-json\/wp\/v2\/categories?post=439874"},{"taxonomy":"post_tag","embeddable":true,"href":"https:\/\/www.zunoticia.com\/noticias-de-hidalgo\/wp-json\/wp\/v2\/tags?post=439874"}],"curies":[{"name":"wp","href":"https:\/\/api.w.org\/{rel}","templated":true}]}}