{"id":439878,"date":"2022-08-18T16:28:25","date_gmt":"2022-08-18T21:28:25","guid":{"rendered":"https:\/\/www.zunoticia.com\/noticias-de-hidalgo\/?p=439878"},"modified":"2022-08-18T16:28:27","modified_gmt":"2022-08-18T21:28:27","slug":"pediran-opinion-de-la-poblacion-sobre-la-sede-del-xantolo-2022","status":"publish","type":"post","link":"https:\/\/www.zunoticia.com\/noticias-de-hidalgo\/2022\/08\/18\/pediran-opinion-de-la-poblacion-sobre-la-sede-del-xantolo-2022\/","title":{"rendered":"Pedir\u00e1n opini\u00f3n de la poblaci\u00f3n sobre la sede del Xantolo 2022"},"content":{"rendered":"<aside class=\"mashsb-container mashsb-main mashsb-stretched\"><div class=\"mashsb-box\"><div class=\"mashsb-count mash-large\" style=\"float:left\"><div class=\"counts mashsbcount\">47<\/div><span class=\"mashsb-sharetext\">SHARES<\/span><\/div><div class=\"mashsb-buttons\"><a class=\"mashicon-facebook mash-large mash-center mashsb-noshadow\" href=\"https:\/\/www.facebook.com\/sharer.php?u=https%3A%2F%2Fwww.zunoticia.com%2Fnoticias-de-hidalgo%2F2022%2F08%2F18%2Fpediran-opinion-de-la-poblacion-sobre-la-sede-del-xantolo-2022%2F\" target=\"_top\" rel=\"nofollow\"><span class=\"icon\"><\/span><span class=\"text\">Share<\/span><\/a><a class=\"mashicon-twitter mash-large mash-center mashsb-noshadow\" href=\"https:\/\/twitter.com\/intent\/tweet?text=&amp;url=https:\/\/www.zunoticia.com\/noticias-de-hidalgo\/2022\/08\/18\/pediran-opinion-de-la-poblacion-sobre-la-sede-del-xantolo-2022\/\" target=\"_top\" rel=\"nofollow\"><span class=\"icon\"><\/span><span class=\"text\">Tweet<\/span><\/a><div class=\"onoffswitch2 mash-large mashsb-noshadow\" style=\"display:none\"><\/div><\/div>\n            <\/div>\n                <div style=\"clear:both\"><\/div><div class=\"mashsb-toggle-container\"><\/div><\/aside>\n            <!-- Share buttons by mashshare.net - Version: 4.0.47-->\n<p><em>Por Salvador Altamirano\/Zunoticia<\/em><\/p>\n\n\n\n<p><strong>Huejutla, Hgo. &#8211;<\/strong> Considerando que ya iniciaron los tradicionales preparativos tendientes a celebrar &#8220;D\u00eda de Muertos&#8221;, &#8220;Xantolo&#8221; en la huasteca, se entrevist\u00f3 al presidente municipal, Daniel Andrade Zurutuza, en torno a la sede para este a\u00f1o, si se llevar\u00e1 a cabo en la plaza de la Revoluci\u00f3n Mexicana o en los terrenos de la Feria de Nochebuena, quien respondi\u00f3 que para tal efecto en pr\u00f3ximos d\u00edas se realizar\u00e1 una encuesta ciudadana.<\/p>\n\n\n\n<p>Como lo he comentado -agreg\u00f3-, Huejutla ha estado creciendo, las necesidades y oportunidades para otro tipo de espect\u00e1culos est\u00e1n a la orden del d\u00eda, pero en cuanto a Xantolo, tendremos que evaluarlo, para lo cual involucraremos a la ciudadan\u00eda para que nos den su opini\u00f3n, y de manera interna tambi\u00e9n poder evaluar las ventajas, desventajas y cu\u00e1les son los pros y los contras, que podemos encontrar en esta nueva forma de celebraci\u00f3n.<\/p>\n\n\n\n<p>A pregunta expresa, explic\u00f3 que, para llevar a cabo dicha festividad en el Centro Hist\u00f3rico se cierran las calles principales, lo que genera congestionamiento vehicular no s\u00f3lo en la zona centro, es notorio en toda la ciudad, por lo que la idea de poderla llevar a otro sitio es, precisamente, para no entorpecer parte de la vida diaria que tenemos.<\/p>\n\n\n\n<p>Pero, sobre todo -a\u00f1adi\u00f3-, para tener un espacio con mayores comodidades, que nos ayuden a organizar un evento de otra naturaleza y poderlo disfrutar bajo otras circunstancias.<\/p>\n\n\n\n<p>Para finalizar, Andrade Zurutuza enfatiz\u00f3 que Xantolo es la tradici\u00f3n m\u00e1s grande y bonita, que enarb\u00f3lese la huasteca, la cual ha trascendido en todo el mundo y muestra de ello, es que en esas fechas al municipio arriban muchos extranjeros, y esperemos que este a\u00f1o sea igual -concluy\u00f3-.<\/p>\n","protected":false},"excerpt":{"rendered":"<p>Por Salvador Altamirano\/Zunoticia Huejutla, Hgo. &#8211; Considerando que ya iniciaron los tradicionales preparativos tendientes a celebrar &#8220;D\u00eda de Muertos&#8221;, &#8220;Xantolo&#8221; en la huasteca, se entrevist\u00f3 al presidente municipal, Daniel Andrade Zurutuza, en torno a la sede para este a\u00f1o, si se llevar\u00e1 a cabo en la plaza de la Revoluci\u00f3n Mexicana o en los terrenos&hellip; <a class=\"more-link\" href=\"https:\/\/www.zunoticia.com\/noticias-de-hidalgo\/2022\/08\/18\/pediran-opinion-de-la-poblacion-sobre-la-sede-del-xantolo-2022\/\">Seguir leyendo <span class=\"screen-reader-text\">Pedir\u00e1n opini\u00f3n de la poblaci\u00f3n sobre la sede del Xantolo 2022<\/span><\/a><\/p>\n","protected":false},"author":12,"featured_media":439879,"comment_status":"open","ping_status":"open","sticky":false,"template":"","format":"standard","meta":{"rop_custom_images_group":[],"rop_custom_messages_group":[],"rop_publish_now":"initial","rop_publish_now_accounts":{"facebook_10159540855086992_322828327761733":""},"rop_publish_now_history":[],"rop_publish_now_status":"pending","footnotes":""},"categories":[181],"tags":[121],"class_list":["post-439878","post","type-post","status-publish","format-standard","has-post-thumbnail","hentry","category-huejutla","tag-huejutla","entry"],"_links":{"self":[{"href":"https:\/\/www.zunoticia.com\/noticias-de-hidalgo\/wp-json\/wp\/v2\/posts\/439878","targetHints":{"allow":["GET"]}}],"collection":[{"href":"https:\/\/www.zunoticia.com\/noticias-de-hidalgo\/wp-json\/wp\/v2\/posts"}],"about":[{"href":"https:\/\/www.zunoticia.com\/noticias-de-hidalgo\/wp-json\/wp\/v2\/types\/post"}],"author":[{"embeddable":true,"href":"https:\/\/www.zunoticia.com\/noticias-de-hidalgo\/wp-json\/wp\/v2\/users\/12"}],"replies":[{"embeddable":true,"href":"https:\/\/www.zunoticia.com\/noticias-de-hidalgo\/wp-json\/wp\/v2\/comments?post=439878"}],"version-history":[{"count":1,"href":"https:\/\/www.zunoticia.com\/noticias-de-hidalgo\/wp-json\/wp\/v2\/posts\/439878\/revisions"}],"predecessor-version":[{"id":439880,"href":"https:\/\/www.zunoticia.com\/noticias-de-hidalgo\/wp-json\/wp\/v2\/posts\/439878\/revisions\/439880"}],"wp:featuredmedia":[{"embeddable":true,"href":"https:\/\/www.zunoticia.com\/noticias-de-hidalgo\/wp-json\/wp\/v2\/media\/439879"}],"wp:attachment":[{"href":"https:\/\/www.zunoticia.com\/noticias-de-hidalgo\/wp-json\/wp\/v2\/media?parent=439878"}],"wp:term":[{"taxonomy":"category","embeddable":true,"href":"https:\/\/www.zunoticia.com\/noticias-de-hidalgo\/wp-json\/wp\/v2\/categories?post=439878"},{"taxonomy":"post_tag","embeddable":true,"href":"https:\/\/www.zunoticia.com\/noticias-de-hidalgo\/wp-json\/wp\/v2\/tags?post=439878"}],"curies":[{"name":"wp","href":"https:\/\/api.w.org\/{rel}","templated":true}]}}