{"id":439894,"date":"2022-08-18T17:56:41","date_gmt":"2022-08-18T22:56:41","guid":{"rendered":"https:\/\/www.zunoticia.com\/noticias-de-hidalgo\/?p=439894"},"modified":"2022-08-18T17:56:43","modified_gmt":"2022-08-18T22:56:43","slug":"comerciantes-se-instalaran-en-calles-del-centro-durante-las-fiestas-patrias","status":"publish","type":"post","link":"https:\/\/www.zunoticia.com\/noticias-de-hidalgo\/2022\/08\/18\/comerciantes-se-instalaran-en-calles-del-centro-durante-las-fiestas-patrias\/","title":{"rendered":"Comerciantes se instalar\u00e1n en calles del Centro durante las Fiestas Patrias"},"content":{"rendered":"<aside class=\"mashsb-container mashsb-main mashsb-stretched\"><div class=\"mashsb-box\"><div class=\"mashsb-count mash-large\" style=\"float:left\"><div class=\"counts mashsbcount\">5<\/div><span class=\"mashsb-sharetext\">SHARES<\/span><\/div><div class=\"mashsb-buttons\"><a class=\"mashicon-facebook mash-large mash-center mashsb-noshadow\" href=\"https:\/\/www.facebook.com\/sharer.php?u=https%3A%2F%2Fwww.zunoticia.com%2Fnoticias-de-hidalgo%2F2022%2F08%2F18%2Fcomerciantes-se-instalaran-en-calles-del-centro-durante-las-fiestas-patrias%2F\" target=\"_top\" rel=\"nofollow\"><span class=\"icon\"><\/span><span class=\"text\">Share<\/span><\/a><a class=\"mashicon-twitter mash-large mash-center mashsb-noshadow\" href=\"https:\/\/twitter.com\/intent\/tweet?text=&amp;url=https:\/\/www.zunoticia.com\/noticias-de-hidalgo\/2022\/08\/18\/comerciantes-se-instalaran-en-calles-del-centro-durante-las-fiestas-patrias\/\" target=\"_top\" rel=\"nofollow\"><span class=\"icon\"><\/span><span class=\"text\">Tweet<\/span><\/a><div class=\"onoffswitch2 mash-large mashsb-noshadow\" style=\"display:none\"><\/div><\/div>\n            <\/div>\n                <div style=\"clear:both\"><\/div><div class=\"mashsb-toggle-container\"><\/div><\/aside>\n            <!-- Share buttons by mashshare.net - Version: 4.0.47-->\n<p><em>Por Enedino Hern\u00e1ndez\/Zunoticia<\/em><\/p>\n\n\n\n<p><strong>Huejutla, Hgo. &#8211;<\/strong> Con la finalidad de conocer la forma en c\u00f3mo se habr\u00e1 de trabajar en la zona centro de Huejutla de Reyes, con motivo de la celebraci\u00f3n de las fiestas patrias, durante este jueves personal de Reglamentos se reuni\u00f3 con los directivos de las organizaciones de comerciantes, as\u00ed lo confirm\u00f3 el secretario general de la Uni\u00f3n de Comerciantes Locatarios Tianguistas y Ambulantes Regi\u00f3n Huasteca (UCLTARH), Nicol\u00e1s Lara Herrera.<\/p>\n\n\n\n<p>Dijo que, en la reuni\u00f3n se cont\u00f3 con la presencia del director de Reglamentos de la presidencia de Huejutla, Miguel \u00c1ngel Vargas Castel\u00e1n; as\u00ed como con los directivos y representantes de las organizaciones de comerciantes de LAUREL, UCTAHH y UCLTARH.<\/p>\n\n\n\n<p>\u201cNos dieron la informaci\u00f3n de c\u00f3mo vamos a trabajar paras las fiestas patrias, nos vamos a instalar durante la noche del 14 de septiembre y expenderemos nuestros productos durante el d\u00eda 15 de septiembre\u201d se\u00f1al\u00f3.<\/p>\n\n\n\n<p>A\u00f1adi\u00f3 que, en estos d\u00edas se habr\u00e1n de anotar los comerciantes de temporada interesados en expender sus productos, la lista correspondiente se entregar\u00e1 ante Reglamentos el lunes, a efecto de preparar con anticipaci\u00f3n toda la actividad comercial del 15 de septiembre.<\/p>\n\n\n\n<p>\u201cYa fueron dos a\u00f1os de descanso y ahora nuevamente vamos a expender los productos el 15 de septiembre en el centro de Huejutla, vamos todos a tratar de salir bien y sobre todo que la mayor parte de los compa\u00f1eros trabajen\u201d agreg\u00f3.<\/p>\n\n\n\n<p>Nicol\u00e1s Lara Herrera, recomend\u00f3 a los comerciantes que expender\u00e1n sus productos en la zona centro de Huejutla, que lleven su respectiva caja de seguridad y sus cables para poder suministrarles el servicio de energ\u00eda el\u00e9ctrica e instalarse el 14 de septiembre, por la tarde.<\/p>\n\n\n\n<p>Finalmente, detall\u00f3 que los comerciantes deben llevar consigo extintores no caducados, \u201cya que ante cualquier situaci\u00f3n todos debemos de estar preparados, se\u00f1alando que el sector ser\u00e1 recorrido previamente por personal de Protecci\u00f3n Civil, y por ello, se debe cumplir con los requisitos requeridos\u201d.<\/p>\n","protected":false},"excerpt":{"rendered":"<p>Por Enedino Hern\u00e1ndez\/Zunoticia Huejutla, Hgo. &#8211; Con la finalidad de conocer la forma en c\u00f3mo se habr\u00e1 de trabajar en la zona centro de Huejutla de Reyes, con motivo de la celebraci\u00f3n de las fiestas patrias, durante este jueves personal de Reglamentos se reuni\u00f3 con los directivos de las organizaciones de comerciantes, as\u00ed lo confirm\u00f3&hellip; <a class=\"more-link\" href=\"https:\/\/www.zunoticia.com\/noticias-de-hidalgo\/2022\/08\/18\/comerciantes-se-instalaran-en-calles-del-centro-durante-las-fiestas-patrias\/\">Seguir leyendo <span class=\"screen-reader-text\">Comerciantes se instalar\u00e1n en calles del Centro durante las Fiestas Patrias<\/span><\/a><\/p>\n","protected":false},"author":12,"featured_media":439895,"comment_status":"open","ping_status":"open","sticky":false,"template":"","format":"standard","meta":{"rop_custom_images_group":[],"rop_custom_messages_group":[],"rop_publish_now":"initial","rop_publish_now_accounts":{"facebook_10159540855086992_322828327761733":""},"rop_publish_now_history":[],"rop_publish_now_status":"pending","footnotes":""},"categories":[181],"tags":[121],"class_list":["post-439894","post","type-post","status-publish","format-standard","has-post-thumbnail","hentry","category-huejutla","tag-huejutla","entry"],"_links":{"self":[{"href":"https:\/\/www.zunoticia.com\/noticias-de-hidalgo\/wp-json\/wp\/v2\/posts\/439894","targetHints":{"allow":["GET"]}}],"collection":[{"href":"https:\/\/www.zunoticia.com\/noticias-de-hidalgo\/wp-json\/wp\/v2\/posts"}],"about":[{"href":"https:\/\/www.zunoticia.com\/noticias-de-hidalgo\/wp-json\/wp\/v2\/types\/post"}],"author":[{"embeddable":true,"href":"https:\/\/www.zunoticia.com\/noticias-de-hidalgo\/wp-json\/wp\/v2\/users\/12"}],"replies":[{"embeddable":true,"href":"https:\/\/www.zunoticia.com\/noticias-de-hidalgo\/wp-json\/wp\/v2\/comments?post=439894"}],"version-history":[{"count":1,"href":"https:\/\/www.zunoticia.com\/noticias-de-hidalgo\/wp-json\/wp\/v2\/posts\/439894\/revisions"}],"predecessor-version":[{"id":439896,"href":"https:\/\/www.zunoticia.com\/noticias-de-hidalgo\/wp-json\/wp\/v2\/posts\/439894\/revisions\/439896"}],"wp:featuredmedia":[{"embeddable":true,"href":"https:\/\/www.zunoticia.com\/noticias-de-hidalgo\/wp-json\/wp\/v2\/media\/439895"}],"wp:attachment":[{"href":"https:\/\/www.zunoticia.com\/noticias-de-hidalgo\/wp-json\/wp\/v2\/media?parent=439894"}],"wp:term":[{"taxonomy":"category","embeddable":true,"href":"https:\/\/www.zunoticia.com\/noticias-de-hidalgo\/wp-json\/wp\/v2\/categories?post=439894"},{"taxonomy":"post_tag","embeddable":true,"href":"https:\/\/www.zunoticia.com\/noticias-de-hidalgo\/wp-json\/wp\/v2\/tags?post=439894"}],"curies":[{"name":"wp","href":"https:\/\/api.w.org\/{rel}","templated":true}]}}