{"id":439903,"date":"2022-08-18T17:58:48","date_gmt":"2022-08-18T22:58:48","guid":{"rendered":"https:\/\/www.zunoticia.com\/noticias-de-hidalgo\/?p=439903"},"modified":"2022-08-18T17:58:50","modified_gmt":"2022-08-18T22:58:50","slug":"el-gobierno-federal-designa-a-huejutla-subsede-de-la-filij","status":"publish","type":"post","link":"https:\/\/www.zunoticia.com\/noticias-de-hidalgo\/2022\/08\/18\/el-gobierno-federal-designa-a-huejutla-subsede-de-la-filij\/","title":{"rendered":"El gobierno federal designa a Huejutla subsede de la FILIJ"},"content":{"rendered":"<aside class=\"mashsb-container mashsb-main mashsb-stretched\"><div class=\"mashsb-box\"><div class=\"mashsb-count mash-large\" style=\"float:left\"><div class=\"counts mashsbcount\">48<\/div><span class=\"mashsb-sharetext\">SHARES<\/span><\/div><div class=\"mashsb-buttons\"><a class=\"mashicon-facebook mash-large mash-center mashsb-noshadow\" href=\"https:\/\/www.facebook.com\/sharer.php?u=https%3A%2F%2Fwww.zunoticia.com%2Fnoticias-de-hidalgo%2F2022%2F08%2F18%2Fel-gobierno-federal-designa-a-huejutla-subsede-de-la-filij%2F\" target=\"_top\" rel=\"nofollow\"><span class=\"icon\"><\/span><span class=\"text\">Share<\/span><\/a><a class=\"mashicon-twitter mash-large mash-center mashsb-noshadow\" href=\"https:\/\/twitter.com\/intent\/tweet?text=&amp;url=https:\/\/www.zunoticia.com\/noticias-de-hidalgo\/2022\/08\/18\/el-gobierno-federal-designa-a-huejutla-subsede-de-la-filij\/\" target=\"_top\" rel=\"nofollow\"><span class=\"icon\"><\/span><span class=\"text\">Tweet<\/span><\/a><div class=\"onoffswitch2 mash-large mashsb-noshadow\" style=\"display:none\"><\/div><\/div>\n            <\/div>\n                <div style=\"clear:both\"><\/div><div class=\"mashsb-toggle-container\"><\/div><\/aside>\n            <!-- Share buttons by mashshare.net - Version: 4.0.47-->\n<p><em>Por Salvador Altamirano\/Zunoticia<\/em><\/p>\n\n\n\n<p><strong>Huejutla, Hgo. &#8211;<\/strong> Entrevistado en torno a la pr\u00f3xima Feria del Libro de Huejutla, el organizador del evento, Leopoldo Enrique Iniesta Mondrag\u00f3n, detall\u00f3 que ya iniciaron con la programaci\u00f3n para la d\u00e9cima edici\u00f3n, que tendr\u00e1 efecto del 12 al 19 de noviembre de este a\u00f1o.<\/p>\n\n\n\n<p>Enfatiz\u00f3 que, adem\u00e1s, en esas fechas se llevar\u00e1 a cabo la &#8220;Feria Internacional del Libro Infantil y Juvenil (FILIJ), que el a\u00f1o pasado se realiz\u00f3 en Yucat\u00e1n, y ser\u00e1 sede el Estado de Hidalgo, consider\u00e1ndose a Huejutla como subsede, punto clave.<\/p>\n\n\n\n<p>Agreg\u00f3 que lo anterior, es sumamente grandioso, ya que coloca a la Feria del Libro de Huejutla en los planos nacional e internacional, en otro estatus, las personas tendr\u00e1n m\u00e1s oportunidad de adquirir obras literarias, ya que vendr\u00e1n m\u00e1s expositores, editoriales y habr\u00e1 eventos culturales de categor\u00eda, organizados por los diversos sectores del rubro existentes en el pa\u00eds.<\/p>\n\n\n\n<p>A pregunta expresa, refiri\u00f3 que, hay que entender que la feria del libro es un espacio de promoci\u00f3n a la lectura, la cual con este evento de talla internacional est\u00e1 trascendiendo r\u00e1pidamente, ya que el objetivo se hab\u00eda trazado para otro momento, pero se est\u00e1n adelantando las cosas.<\/p>\n\n\n\n<p>Para finalizar, Iniesta Mondrag\u00f3n subray\u00f3 que, la Feria del Libro de Huejutla se est\u00e1 destacando gracias a los trabajos que se llevan a cabo en coordinaci\u00f3n con el ayuntamiento y el DIF Municipal, que presiden Daniel Andrade Zurutuza y Carol Guadalupe Lara Flores, respectivamente; quienes la han agrupado desde que inici\u00f3 el proyecto, y ese fue el punto focal que el gobierno federal pidi\u00f3 para que Huejutla fuera subsede de la FILIJ, ya que habr\u00e1 coordinaci\u00f3n entre los tres \u00f3rdenes de gobierno.<\/p>\n","protected":false},"excerpt":{"rendered":"<p>Por Salvador Altamirano\/Zunoticia Huejutla, Hgo. &#8211; Entrevistado en torno a la pr\u00f3xima Feria del Libro de Huejutla, el organizador del evento, Leopoldo Enrique Iniesta Mondrag\u00f3n, detall\u00f3 que ya iniciaron con la programaci\u00f3n para la d\u00e9cima edici\u00f3n, que tendr\u00e1 efecto del 12 al 19 de noviembre de este a\u00f1o. Enfatiz\u00f3 que, adem\u00e1s, en esas fechas se&hellip; <a class=\"more-link\" href=\"https:\/\/www.zunoticia.com\/noticias-de-hidalgo\/2022\/08\/18\/el-gobierno-federal-designa-a-huejutla-subsede-de-la-filij\/\">Seguir leyendo <span class=\"screen-reader-text\">El gobierno federal designa a Huejutla subsede de la FILIJ<\/span><\/a><\/p>\n","protected":false},"author":12,"featured_media":439904,"comment_status":"open","ping_status":"open","sticky":false,"template":"","format":"standard","meta":{"rop_custom_images_group":[],"rop_custom_messages_group":[],"rop_publish_now":"initial","rop_publish_now_accounts":{"facebook_10159540855086992_322828327761733":""},"rop_publish_now_history":[],"rop_publish_now_status":"pending","footnotes":""},"categories":[181],"tags":[121],"class_list":["post-439903","post","type-post","status-publish","format-standard","has-post-thumbnail","hentry","category-huejutla","tag-huejutla","entry"],"_links":{"self":[{"href":"https:\/\/www.zunoticia.com\/noticias-de-hidalgo\/wp-json\/wp\/v2\/posts\/439903","targetHints":{"allow":["GET"]}}],"collection":[{"href":"https:\/\/www.zunoticia.com\/noticias-de-hidalgo\/wp-json\/wp\/v2\/posts"}],"about":[{"href":"https:\/\/www.zunoticia.com\/noticias-de-hidalgo\/wp-json\/wp\/v2\/types\/post"}],"author":[{"embeddable":true,"href":"https:\/\/www.zunoticia.com\/noticias-de-hidalgo\/wp-json\/wp\/v2\/users\/12"}],"replies":[{"embeddable":true,"href":"https:\/\/www.zunoticia.com\/noticias-de-hidalgo\/wp-json\/wp\/v2\/comments?post=439903"}],"version-history":[{"count":1,"href":"https:\/\/www.zunoticia.com\/noticias-de-hidalgo\/wp-json\/wp\/v2\/posts\/439903\/revisions"}],"predecessor-version":[{"id":439905,"href":"https:\/\/www.zunoticia.com\/noticias-de-hidalgo\/wp-json\/wp\/v2\/posts\/439903\/revisions\/439905"}],"wp:featuredmedia":[{"embeddable":true,"href":"https:\/\/www.zunoticia.com\/noticias-de-hidalgo\/wp-json\/wp\/v2\/media\/439904"}],"wp:attachment":[{"href":"https:\/\/www.zunoticia.com\/noticias-de-hidalgo\/wp-json\/wp\/v2\/media?parent=439903"}],"wp:term":[{"taxonomy":"category","embeddable":true,"href":"https:\/\/www.zunoticia.com\/noticias-de-hidalgo\/wp-json\/wp\/v2\/categories?post=439903"},{"taxonomy":"post_tag","embeddable":true,"href":"https:\/\/www.zunoticia.com\/noticias-de-hidalgo\/wp-json\/wp\/v2\/tags?post=439903"}],"curies":[{"name":"wp","href":"https:\/\/api.w.org\/{rel}","templated":true}]}}